{"id":1226,"date":"2012-08-09T13:21:27","date_gmt":"2012-08-09T12:21:27","guid":{"rendered":"http:\/\/stonawski.efantastyka.pl\/blog\/?p=1226"},"modified":"2012-08-09T13:23:03","modified_gmt":"2012-08-09T12:23:03","slug":"to-co-widzimy-sie-na-krakonie","status":"publish","type":"post","link":"http:\/\/stonawski.efantastyka.pl\/blog\/index.php\/2012\/08\/to-co-widzimy-sie-na-krakonie\/","title":{"rendered":"To co, widzimy si\u0119 na Krakonie?"},"content":{"rendered":"<p><a href=\"http:\/\/stonawski.efantastyka.pl\/blog\/wp-content\/uploads\/2012\/07\/banner285x80.jpg\"><img loading=\"lazy\" class=\"aligncenter size-full wp-image-1167\" title=\"\" src=\"http:\/\/stonawski.efantastyka.pl\/blog\/wp-content\/uploads\/2012\/07\/banner285x80.jpg\" alt=\"\" width=\"285\" height=\"80\" srcset=\"http:\/\/stonawski.efantastyka.pl\/blog\/wp-content\/uploads\/2012\/07\/banner285x80.jpg 285w, http:\/\/stonawski.efantastyka.pl\/blog\/wp-content\/uploads\/2012\/07\/banner285x80-190x53.jpg 190w, http:\/\/stonawski.efantastyka.pl\/blog\/wp-content\/uploads\/2012\/07\/banner285x80-60x16.jpg 60w\" sizes=\"(max-width: 285px) 100vw, 285px\" \/><\/a><\/p>\n<p>Ju\u017c jutro startujemy. A w sobot\u0119 najbardziej oczekiwany <strong>Blok Horroru i Sensacji<\/strong>, a wyst\u0105pi\u0105 u mnie:<\/p>\n<ul>\n<li>\n<h5><strong>Krzystof Billi\u0144ski, kt\u00f3ry opowie o ksi\u0105\u017cce okultystycznej<\/strong><\/h5>\n<\/li>\n<li>\n<h5><strong>Micha\u0142 Gacek zaprezentuje swoj\u0105 powie\u015b\u0107 &#8222;Endemia&#8221; <\/strong><\/h5>\n<\/li>\n<li>\n<h5><strong>\u0141ukasz \u015amigiel poka\u017ce jak pope\u0142ni\u0107 zbrodnie niemal doskona\u0142\u0105<\/strong><\/h5>\n<\/li>\n<li>\n<h5><strong>Robert Cichowlas podpowie, jak zainteresowa\u0107 swoj\u0105 osob\u0105 wydawc\u0119 (Tam b\u0119d\u0119 na pewno :))<\/strong><\/h5>\n<\/li>\n<li>\n<h5><strong>Krzysztof Maciejewski przybli\u017cy wszystkim wspania\u0142y podgatunek horroru, jakim jest Bizarro (Je\u015bli spodoba\u0142y Ci si\u0119 &#8222;Owoce wiosny&#8221;, wiesz, gdzie masz przyj\u015b\u0107 :))<\/strong><\/h5>\n<\/li>\n<li>\n<h5><strong>Krzysztof T. D\u0105browski przebiegnie maraton po drabblach\u00a0<\/strong><\/h5>\n<\/li>\n<li>\n<h5><strong>Krzysztof Piskorski i Pawe\u0142 Pali\u0144ski poprowadz\u0105 w g\u0142\u0105b grozy miejskiej<\/strong><\/h5>\n<\/li>\n<li>\n<h5><strong>Ramsey Campbell&#8230; b\u0119dzie straszy\u0142 :)<\/strong><\/h5>\n<\/li>\n<li>\n<h5><strong>Kazimierz Kyrcz i Dawid Kain opowiedz\u0105 o horrorze ekstremalnym (b\u0119dzie ostro!)<\/strong><\/h5>\n<\/li>\n<li>\n<h5><strong>Wydawnictwo Sine Qua Non og\u0142osi konkurs (\u0142aaadne ksi\u0105\u017ceczki maj\u0105)<\/strong><\/h5>\n<\/li>\n<li>\n<h5><strong>Za\u015b na koniec ja, Krzysztof Maciejewski, Kazimierz Kyrcz, Robert Cichowlas, Dawid Kain, Krzysztof T. D\u0105browski i Micha\u0142 Gacek postaramy si\u0119 wszystkich postraszy\u0107 swoimi opowie\u015bciami :)<\/strong><\/h5>\n<\/li>\n<\/ul>\n<h3><strong>Za\u015b&#8230;. na sam koniec, przez ca\u0142\u0105 Sobotni\u0105 noc b\u0119dziemy pi\u0107, je\u015b\u0107 i biesiadowa\u0107 z wy\u017cej wspomnianymi autorami, oraz innymi oraz uczestnikami przy wielkich kamiennych grillach na AGH.<\/strong><\/h3>\n<p>Niech poleje si\u0119 krew :)<\/p>\n<p>a <a href=\"http:\/\/krakon.irpg.pl\/2012\/?page_id=49\"><strong>TUTAJ<\/strong><\/a> ca\u0142y program.<\/p>\n<p>&nbsp;<\/p>\n","protected":false},"excerpt":{"rendered":"<p>Ju\u017c jutro startujemy. A w sobot\u0119 najbardziej oczekiwany Blok Horroru i Sensacji, a wyst\u0105pi\u0105 u mnie: Krzystof Billi\u0144ski, kt\u00f3ry opowie o ksi\u0105\u017cce okultystycznej Micha\u0142 Gacek zaprezentuje swoj\u0105 powie\u015b\u0107 &#8222;Endemia&#8221; \u0141ukasz \u015amigiel poka\u017ce jak pope\u0142ni\u0107 zbrodnie niemal doskona\u0142\u0105 Robert Cichowlas podpowie, jak zainteresowa\u0107 swoj\u0105 osob\u0105 wydawc\u0119 (Tam b\u0119d\u0119 na pewno :)) Krzysztof Maciejewski przybli\u017cy wszystkim wspania\u0142y podgatunek horroru, jakim jest Bizarro (Je\u015bli spodoba\u0142y Ci si\u0119 &#8222;Owoce wiosny&#8221;, wiesz, gdzie masz przyj\u015b\u0107 :)) Krzysztof T. D\u0105browski przebiegnie maraton po drabblach\u00a0 Krzysztof Piskorski i Pawe\u0142 Pali\u0144ski poprowadz\u0105 w g\u0142\u0105b grozy miejskiej Ramsey Campbell&#8230; b\u0119dzie straszy\u0142 :) Kazimierz Kyrcz i Dawid Kain opowiedz\u0105 o horrorze ekstremalnym (b\u0119dzie ostro!) Wydawnictwo Sine Qua Non og\u0142osi konkurs (\u0142aaadne ksi\u0105\u017ceczki maj\u0105) Za\u015b na koniec ja, Krzysztof Maciejewski, Kazimierz Kyrcz, Robert Cichowlas, Dawid Kain, Krzysztof T. D\u0105browski i Micha\u0142 Gacek postaramy si\u0119 wszystkich postraszy\u0107 swoimi opowie\u015bciami :) Za\u015b&#8230;. na sam koniec, przez ca\u0142\u0105 Sobotni\u0105 noc b\u0119dziemy pi\u0107, je\u015b\u0107 i biesiadowa\u0107 z wy\u017cej wspomnianymi autorami, oraz innymi oraz uczestnikami przy wielkich kamiennych grillach na AGH. Niech poleje si\u0119 krew :) a TUTAJ ca\u0142y program. &nbsp;<\/p>\n","protected":false},"author":1,"featured_media":1167,"comment_status":"open","ping_status":"open","sticky":false,"template":"","format":"standard","meta":[],"categories":[712,10,77,94,7,9,8,155],"tags":[516,345,801,56,68,134,403,803,467,745,370,373,1410,798,462,744,135,800,802],"_links":{"self":[{"href":"http:\/\/stonawski.efantastyka.pl\/blog\/index.php\/wp-json\/wp\/v2\/posts\/1226"}],"collection":[{"href":"http:\/\/stonawski.efantastyka.pl\/blog\/index.php\/wp-json\/wp\/v2\/posts"}],"about":[{"href":"http:\/\/stonawski.efantastyka.pl\/blog\/index.php\/wp-json\/wp\/v2\/types\/post"}],"author":[{"embeddable":true,"href":"http:\/\/stonawski.efantastyka.pl\/blog\/index.php\/wp-json\/wp\/v2\/users\/1"}],"replies":[{"embeddable":true,"href":"http:\/\/stonawski.efantastyka.pl\/blog\/index.php\/wp-json\/wp\/v2\/comments?post=1226"}],"version-history":[{"count":2,"href":"http:\/\/stonawski.efantastyka.pl\/blog\/index.php\/wp-json\/wp\/v2\/posts\/1226\/revisions"}],"predecessor-version":[{"id":1228,"href":"http:\/\/stonawski.efantastyka.pl\/blog\/index.php\/wp-json\/wp\/v2\/posts\/1226\/revisions\/1228"}],"wp:featuredmedia":[{"embeddable":true,"href":"http:\/\/stonawski.efantastyka.pl\/blog\/index.php\/wp-json\/wp\/v2\/media\/1167"}],"wp:attachment":[{"href":"http:\/\/stonawski.efantastyka.pl\/blog\/index.php\/wp-json\/wp\/v2\/media?parent=1226"}],"wp:term":[{"taxonomy":"category","embeddable":true,"href":"http:\/\/stonawski.efantastyka.pl\/blog\/index.php\/wp-json\/wp\/v2\/categories?post=1226"},{"taxonomy":"post_tag","embeddable":true,"href":"http:\/\/stonawski.efantastyka.pl\/blog\/index.php\/wp-json\/wp\/v2\/tags?post=1226"}],"curies":[{"name":"wp","href":"https:\/\/api.w.org\/{rel}","templated":true}]}}