{"id":1242,"date":"2012-09-07T11:03:22","date_gmt":"2012-09-07T10:03:22","guid":{"rendered":"http:\/\/stonawski.efantastyka.pl\/blog\/?p=1242"},"modified":"2012-09-07T11:04:17","modified_gmt":"2012-09-07T10:04:17","slug":"poranek-wieczorowy","status":"publish","type":"post","link":"http:\/\/stonawski.efantastyka.pl\/blog\/index.php\/2012\/09\/poranek-wieczorowy\/","title":{"rendered":"Poranek wieczorowy"},"content":{"rendered":"<p>&nbsp;<\/p>\n<p>Dla niekt\u00f3rych to ju\u017c pocz\u0105tek nowego roku szkolnego (szczerze wsp\u00f3\u0142czuj\u0119 i trzymam kciuki za przetrwanie w tym czym\u015b, co szumnie nazywaj\u0105 &#8222;szko\u0142\u0105&#8221;), dla mnie &#8211; jeszcze miesi\u0105c. Miesi\u0105c wzmo\u017conej pracy, dodajmy&#8230; po kt\u00f3rym b\u0119d\u0119 m\u00f3g\u0142 troch\u0119 odpocz\u0105\u0107 na studiach i w pracy. A, bzdura. Potem zaczn\u0119 nast\u0119pny projekt.<\/p>\n<p>Niemniej, czas chyba zn\u00f3w &#8211; po miesi\u0119cznej przerwie &#8211; wznowi\u0107 &#8222;Wie\u015bci Literackie&#8221;, dlatego zn\u00f3w zapraszam do zapisywania si\u0119 i <strong>klikania na link aktywacyjny<\/strong>. Bo spraw uzbiera\u0142o si\u0119 zn\u00f3w dosy\u0107 sporo, ale to ju\u017c dla &#8222;wtajemniczonych&#8221;.<\/p>\n<p>Tymczasem mi\u0142y dzie\u0144. W nocy napisa\u0142em pi\u0119\u0107 stron, przed chwil\u0105 podpisa\u0142em nast\u0119pn\u0105 umow\u0119 literack\u0105. Na co? O, to ju\u017c nied\u0142ugo przestanie by\u0107 tajemnic\u0105.<br \/>\nTymczasem czeka na mnie prawdziwa fura recenzji, kt\u00f3re musz\u0119 napisa\u0107. A do tego musz\u0119 mie\u0107 (w miar\u0119) trze\u017awy umys\u0142, wi\u0119c ko\u0144cz\u0105c ekspresow\u0105 notk\u0119 \u017cycz\u0119 Ci dobrego dnia.<\/p>\n<p>I dorzucam zdj\u0119cie, kt\u00f3re wykona\u0142em jaki\u015b rok temu na Uniwersytecie Pedagogicznym w Krakowie. S\u0142odkie, czy\u017c nie? :)<\/p>\n<p><a href=\"http:\/\/stonawski.efantastyka.pl\/blog\/wp-content\/uploads\/2012\/09\/166340_192225467459189_7718077_n.jpg\"><img loading=\"lazy\" class=\"aligncenter  wp-image-1243\" title=\"Rze\u017anicy.\" src=\"http:\/\/stonawski.efantastyka.pl\/blog\/wp-content\/uploads\/2012\/09\/166340_192225467459189_7718077_n.jpg\" alt=\"\" width=\"543\" height=\"458\" \/><\/a><\/p>\n","protected":false},"excerpt":{"rendered":"<p>&nbsp; Dla niekt\u00f3rych to ju\u017c pocz\u0105tek nowego roku szkolnego (szczerze wsp\u00f3\u0142czuj\u0119 i trzymam kciuki za przetrwanie w tym czym\u015b, co szumnie nazywaj\u0105 &#8222;szko\u0142\u0105&#8221;), dla mnie &#8211; jeszcze miesi\u0105c. Miesi\u0105c wzmo\u017conej pracy, dodajmy&#8230; po kt\u00f3rym b\u0119d\u0119 m\u00f3g\u0142 troch\u0119 odpocz\u0105\u0107 na studiach i w pracy. A, bzdura. Potem zaczn\u0119 nast\u0119pny projekt. Niemniej, czas chyba zn\u00f3w &#8211; po miesi\u0119cznej przerwie &#8211; wznowi\u0107 &#8222;Wie\u015bci Literackie&#8221;, dlatego zn\u00f3w zapraszam do zapisywania si\u0119 i klikania na link aktywacyjny. Bo spraw uzbiera\u0142o si\u0119 zn\u00f3w dosy\u0107 sporo, ale to ju\u017c dla &#8222;wtajemniczonych&#8221;. Tymczasem mi\u0142y dzie\u0144. W nocy napisa\u0142em pi\u0119\u0107 stron, przed chwil\u0105 podpisa\u0142em nast\u0119pn\u0105 umow\u0119 literack\u0105. Na co? O, to ju\u017c nied\u0142ugo przestanie by\u0107 tajemnic\u0105. Tymczasem czeka na mnie prawdziwa fura recenzji, kt\u00f3re musz\u0119 napisa\u0107. A do tego musz\u0119 mie\u0107 (w miar\u0119) trze\u017awy umys\u0142, wi\u0119c ko\u0144cz\u0105c ekspresow\u0105 notk\u0119 \u017cycz\u0119 Ci dobrego dnia. I dorzucam zdj\u0119cie, kt\u00f3re wykona\u0142em jaki\u015b rok temu na Uniwersytecie Pedagogicznym w Krakowie. S\u0142odkie, czy\u017c nie? :)<\/p>\n","protected":false},"author":1,"featured_media":1243,"comment_status":"open","ping_status":"open","sticky":false,"template":"","format":"standard","meta":[],"categories":[8,155,46],"tags":[811,68,73,812,813,202],"_links":{"self":[{"href":"http:\/\/stonawski.efantastyka.pl\/blog\/index.php\/wp-json\/wp\/v2\/posts\/1242"}],"collection":[{"href":"http:\/\/stonawski.efantastyka.pl\/blog\/index.php\/wp-json\/wp\/v2\/posts"}],"about":[{"href":"http:\/\/stonawski.efantastyka.pl\/blog\/index.php\/wp-json\/wp\/v2\/types\/post"}],"author":[{"embeddable":true,"href":"http:\/\/stonawski.efantastyka.pl\/blog\/index.php\/wp-json\/wp\/v2\/users\/1"}],"replies":[{"embeddable":true,"href":"http:\/\/stonawski.efantastyka.pl\/blog\/index.php\/wp-json\/wp\/v2\/comments?post=1242"}],"version-history":[{"count":3,"href":"http:\/\/stonawski.efantastyka.pl\/blog\/index.php\/wp-json\/wp\/v2\/posts\/1242\/revisions"}],"predecessor-version":[{"id":1247,"href":"http:\/\/stonawski.efantastyka.pl\/blog\/index.php\/wp-json\/wp\/v2\/posts\/1242\/revisions\/1247"}],"wp:featuredmedia":[{"embeddable":true,"href":"http:\/\/stonawski.efantastyka.pl\/blog\/index.php\/wp-json\/wp\/v2\/media\/1243"}],"wp:attachment":[{"href":"http:\/\/stonawski.efantastyka.pl\/blog\/index.php\/wp-json\/wp\/v2\/media?parent=1242"}],"wp:term":[{"taxonomy":"category","embeddable":true,"href":"http:\/\/stonawski.efantastyka.pl\/blog\/index.php\/wp-json\/wp\/v2\/categories?post=1242"},{"taxonomy":"post_tag","embeddable":true,"href":"http:\/\/stonawski.efantastyka.pl\/blog\/index.php\/wp-json\/wp\/v2\/tags?post=1242"}],"curies":[{"name":"wp","href":"https:\/\/api.w.org\/{rel}","templated":true}]}}