{"id":1883,"date":"2013-11-01T14:49:57","date_gmt":"2013-11-01T13:49:57","guid":{"rendered":"http:\/\/stonawski.efantastyka.pl\/blog\/?p=1883"},"modified":"2013-11-01T14:49:57","modified_gmt":"2013-11-01T13:49:57","slug":"wprost-w-swiecie-slow","status":"publish","type":"post","link":"http:\/\/stonawski.efantastyka.pl\/blog\/index.php\/2013\/11\/wprost-w-swiecie-slow\/","title":{"rendered":"Wprost W \u015bwiecie s\u0142\u00f3w"},"content":{"rendered":"<p><a href=\"http:\/\/stonawski.efantastyka.pl\/blog\/wp-content\/uploads\/2013\/11\/topka.jpg\"><img loading=\"lazy\" class=\"aligncenter size-full wp-image-1885\" alt=\"topka\" src=\"http:\/\/stonawski.efantastyka.pl\/blog\/wp-content\/uploads\/2013\/11\/topka.jpg\" width=\"616\" height=\"230\" srcset=\"http:\/\/stonawski.efantastyka.pl\/blog\/wp-content\/uploads\/2013\/11\/topka.jpg 616w, http:\/\/stonawski.efantastyka.pl\/blog\/wp-content\/uploads\/2013\/11\/topka-300x112.jpg 300w, http:\/\/stonawski.efantastyka.pl\/blog\/wp-content\/uploads\/2013\/11\/topka-600x224.jpg 600w\" sizes=\"(max-width: 616px) 100vw, 616px\" \/><\/a><\/p>\n<p style=\"text-align: justify;\"><strong>Niewiele czasu min\u0119\u0142o, od <a href=\"http:\/\/papierowaorchidea.blogspot.com\/2013\/10\/papierowa-orchidea-michaa-stonawskiego.html\">ostatniego wywiadu<\/a>\u00a0ze mn\u0105, w kt\u00f3rym opowiada\u0142em o najlepszej z najlepszych ksi\u0105\u017cce &#8211; mojej orchidei. Tymczasem na poczytnym blogu\u00a0<a href=\"http:\/\/wswiecieslow.blogspot.com\/\">http:\/\/wswiecieslow.blogspot.com<\/a>\u00a0pojawi\u0142 si\u0119 wywiad ze mn\u0105 w serii &#8222;Kulisy polskiego horroru&#8221;. Prowadz\u0105c\u0105 by\u0142a cudowna Paulina Kr\u00f3l &#8211; i powiem Wam, \u017ce dawno mi si\u0119 tak dobrze nie rozmawia\u0142o sieciowo (nawet z Sapkowskim). A to oznacza w\u0142a\u015bciw\u0105 osob\u0119 na w\u0142a\u015bciwym miejscu. A skoro tak, to i sama rozmowa musia\u0142a wyj\u015b\u0107 dobrze &#8211; tym bardziej zapraszam do przeczytania jej zapisu.\u00a0<\/strong><\/p>\n<blockquote>\n<div><b>Paulina Kr\u00f3l<\/b>: Doko\u0144cz zdanie: Jestem Micha\u0142 i&#8230;<\/div>\n<div><b>Micha\u0142 Stonawski<\/b>: Jestem Micha\u0142 i jestem maniakiem ksi\u0105\u017cek &#8211; o, mo\u017ce tak. To cholernie trudne pytanie, bo du\u017co si\u0119 ci\u015bnie na usta. I pisz\u0119 groz\u0119. I jem orzeszki. I potulnie s\u0142u\u017c\u0119 memu kotu :)<\/div>\n<div><b>Paulina<\/b>: Moim kotom spodoba\u0142aby si\u0119 ta odpowied\u017a ;) Co spo\u015br\u00f3d tych rzeczy najbardziej Ci\u0119 inspiruje?<\/div>\n<div><b>Micha\u0142<\/b>: Orzeszki.<\/div>\n<div>To oczywi\u015bcie jedyne, co mog\u0119 w jaki\u015b spos\u00f3b wyr\u00f3\u017cni\u0107, pozosta\u0142e czynno\u015bci s\u0105 na r\u00f3wni. B\u0119d\u0105c bardziej serio &#8211; trudno mi oddzieli\u0107 moje bibliofilstwo od pisania. To po prostu nierozerwalnie zwi\u0105zane. Nie umia\u0142bym zrezygnowa\u0107 z jednego i kontynuowa\u0107 drugie.<\/div>\n<div><b>Paulina<\/b>: Wyczyta\u0142am, \u017ce piszesz, odk\u0105d sko\u0144czy\u0142e\u015b 8 lat, wi\u0119c prawie tyle czasu, ile umiesz czyta\u0107. Co takiego pisa\u0142 o\u015bmioletni Stonawski?<\/div>\n<\/blockquote>\n<p style=\"text-align: justify;\">Odpowied\u017a na to i inne pytania znajdziecie <a href=\"http:\/\/wswiecieslow.blogspot.com\/2013\/11\/kulisy-polskiego-horroru-3-micha.html\"><strong>TUTAJ<\/strong><\/a><\/p>\n<p style=\"text-align: justify;\">A sk\u0105d &#8222;Wprost&#8221; w tytule? Ano, bonusowo dodam, i\u017c moje nazwisko pojawi\u0142o si\u0119 na stronie tego popularnego pisma &#8211; razem z innymi, w artykule o podboju internetu przez antologie z serii &#8222;31:10&#8221;.<\/p>\n<p style=\"text-align: center;\"><a href=\"http:\/\/www.wprost.pl\/ar\/423340\/E-booki-z-okazji-Halloween-inicjatywa-polskich-autorow-podbija-Internet\/#.UnOVJiduAkg.facebook\"><strong>TU KLIKAJ\u00a0<\/strong><\/a><\/p>\n<p style=\"text-align: justify;\"><strong>Skoryguj\u0119 tylko jedn\u0105 rzecz:\u00a0<\/strong><\/p>\n<blockquote>\n<p style=\"text-align: justify;\">(&#8230;) A\u00a0tymczasem Halloween 31.10 pobrano ju\u017c 16 500 razy.<\/p>\n<\/blockquote>\n<p style=\"text-align: justify;\">To nie jest prawda. Z dum\u0105 mog\u0119 powiedzie\u0107.<\/p>\n<p style=\"text-align: center;\"><a href=\"http:\/\/stonawski.efantastyka.pl\/blog\/wp-content\/uploads\/2013\/11\/20.jpg\"><img loading=\"lazy\" class=\"aligncenter  wp-image-1886\" alt=\"20\" src=\"http:\/\/stonawski.efantastyka.pl\/blog\/wp-content\/uploads\/2013\/11\/20.jpg\" width=\"402\" height=\"576\" srcset=\"http:\/\/stonawski.efantastyka.pl\/blog\/wp-content\/uploads\/2013\/11\/20.jpg 503w, http:\/\/stonawski.efantastyka.pl\/blog\/wp-content\/uploads\/2013\/11\/20-209x300.jpg 209w\" sizes=\"(max-width: 402px) 100vw, 402px\" \/><\/a><\/p>\n","protected":false},"excerpt":{"rendered":"<p>Niewiele czasu min\u0119\u0142o, od ostatniego wywiadu\u00a0ze mn\u0105, w kt\u00f3rym opowiada\u0142em o najlepszej z najlepszych ksi\u0105\u017cce &#8211; mojej orchidei. Tymczasem na poczytnym blogu\u00a0http:\/\/wswiecieslow.blogspot.com\u00a0pojawi\u0142 si\u0119 wywiad ze mn\u0105 w serii &#8222;Kulisy polskiego horroru&#8221;. Prowadz\u0105c\u0105 by\u0142a cudowna Paulina Kr\u00f3l &#8211; i powiem Wam, \u017ce dawno mi si\u0119 tak dobrze nie rozmawia\u0142o sieciowo (nawet z Sapkowskim). A to oznacza w\u0142a\u015bciw\u0105 osob\u0119 na w\u0142a\u015bciwym miejscu. A skoro tak, to i sama rozmowa musia\u0142a wyj\u015b\u0107 dobrze &#8211; tym bardziej zapraszam do przeczytania jej zapisu.\u00a0 Paulina Kr\u00f3l: Doko\u0144cz zdanie: Jestem Micha\u0142 i&#8230; Micha\u0142 Stonawski: Jestem Micha\u0142 i jestem maniakiem ksi\u0105\u017cek &#8211; o, mo\u017ce tak. To cholernie trudne pytanie, bo du\u017co si\u0119 ci\u015bnie na usta. I pisz\u0119 groz\u0119. I jem orzeszki. I potulnie s\u0142u\u017c\u0119 memu kotu :) Paulina: Moim kotom spodoba\u0142aby si\u0119 ta odpowied\u017a ;) Co spo\u015br\u00f3d tych rzeczy najbardziej Ci\u0119 inspiruje? Micha\u0142: Orzeszki. To oczywi\u015bcie jedyne, co mog\u0119 w jaki\u015b spos\u00f3b wyr\u00f3\u017cni\u0107, pozosta\u0142e czynno\u015bci s\u0105 na r\u00f3wni. B\u0119d\u0105c bardziej serio &#8211; trudno mi oddzieli\u0107 moje bibliofilstwo od pisania. To po prostu nierozerwalnie zwi\u0105zane. Nie umia\u0142bym zrezygnowa\u0107 z jednego i kontynuowa\u0107 drugie. Paulina: Wyczyta\u0142am, \u017ce piszesz, odk\u0105d sko\u0144czy\u0142e\u015b 8 lat, wi\u0119c prawie tyle czasu, ile umiesz czyta\u0107. Co takiego pisa\u0142 o\u015bmioletni Stonawski? Odpowied\u017a na to i inne pytania znajdziecie TUTAJ A sk\u0105d &#8222;Wprost&#8221; w tytule? Ano, bonusowo dodam, i\u017c moje nazwisko pojawi\u0142o si\u0119 na stronie tego popularnego pisma &#8211; razem z innymi, w artykule o podboju internetu przez antologie z serii &#8222;31:10&#8221;. TU KLIKAJ\u00a0 Skoryguj\u0119 tylko jedn\u0105 rzecz:\u00a0 (&#8230;) A\u00a0tymczasem Halloween 31.10 pobrano ju\u017c 16 500 razy. To nie jest prawda. Z dum\u0105 mog\u0119 powiedzie\u0107.<\/p>\n","protected":false},"author":1,"featured_media":1885,"comment_status":"open","ping_status":"open","sticky":false,"template":"","format":"standard","meta":[],"categories":[8,155,679],"tags":[636,536,158,1156,1157,1158,531],"_links":{"self":[{"href":"http:\/\/stonawski.efantastyka.pl\/blog\/index.php\/wp-json\/wp\/v2\/posts\/1883"}],"collection":[{"href":"http:\/\/stonawski.efantastyka.pl\/blog\/index.php\/wp-json\/wp\/v2\/posts"}],"about":[{"href":"http:\/\/stonawski.efantastyka.pl\/blog\/index.php\/wp-json\/wp\/v2\/types\/post"}],"author":[{"embeddable":true,"href":"http:\/\/stonawski.efantastyka.pl\/blog\/index.php\/wp-json\/wp\/v2\/users\/1"}],"replies":[{"embeddable":true,"href":"http:\/\/stonawski.efantastyka.pl\/blog\/index.php\/wp-json\/wp\/v2\/comments?post=1883"}],"version-history":[{"count":1,"href":"http:\/\/stonawski.efantastyka.pl\/blog\/index.php\/wp-json\/wp\/v2\/posts\/1883\/revisions"}],"predecessor-version":[{"id":1887,"href":"http:\/\/stonawski.efantastyka.pl\/blog\/index.php\/wp-json\/wp\/v2\/posts\/1883\/revisions\/1887"}],"wp:featuredmedia":[{"embeddable":true,"href":"http:\/\/stonawski.efantastyka.pl\/blog\/index.php\/wp-json\/wp\/v2\/media\/1885"}],"wp:attachment":[{"href":"http:\/\/stonawski.efantastyka.pl\/blog\/index.php\/wp-json\/wp\/v2\/media?parent=1883"}],"wp:term":[{"taxonomy":"category","embeddable":true,"href":"http:\/\/stonawski.efantastyka.pl\/blog\/index.php\/wp-json\/wp\/v2\/categories?post=1883"},{"taxonomy":"post_tag","embeddable":true,"href":"http:\/\/stonawski.efantastyka.pl\/blog\/index.php\/wp-json\/wp\/v2\/tags?post=1883"}],"curies":[{"name":"wp","href":"https:\/\/api.w.org\/{rel}","templated":true}]}}