{"id":2065,"date":"2014-02-28T09:06:57","date_gmt":"2014-02-28T08:06:57","guid":{"rendered":"http:\/\/stonawski.efantastyka.pl\/blog\/?p=2065"},"modified":"2014-02-28T09:07:08","modified_gmt":"2014-02-28T08:07:08","slug":"ssanie-ma-branie-czyli-rzecz-o-wampirach","status":"publish","type":"post","link":"http:\/\/stonawski.efantastyka.pl\/blog\/index.php\/2014\/02\/ssanie-ma-branie-czyli-rzecz-o-wampirach\/","title":{"rendered":"Ssanie ma branie &#8211; czyli rzecz o Wampirach."},"content":{"rendered":"<p><a href=\"http:\/\/stonawski.efantastyka.pl\/blog\/wp-content\/uploads\/2014\/02\/premiera-topka.png\"><img loading=\"lazy\" class=\"size-full wp-image-2066 aligncenter\" alt=\"premiera topka\" src=\"http:\/\/stonawski.efantastyka.pl\/blog\/wp-content\/uploads\/2014\/02\/premiera-topka.png\" width=\"601\" height=\"219\" srcset=\"http:\/\/stonawski.efantastyka.pl\/blog\/wp-content\/uploads\/2014\/02\/premiera-topka.png 601w, http:\/\/stonawski.efantastyka.pl\/blog\/wp-content\/uploads\/2014\/02\/premiera-topka-300x109.png 300w, http:\/\/stonawski.efantastyka.pl\/blog\/wp-content\/uploads\/2014\/02\/premiera-topka-600x218.png 600w\" sizes=\"(max-width: 601px) 100vw, 601px\" \/><\/a><\/p>\n<p style=\"text-align: justify;\"><strong>Ju\u017c w poniedzia\u0142ek, trzeciego marca odb\u0119dzie si\u0119 og\u00f3lnopolska premiera antologii &#8222;Ksi\u0119ga Wampir\u00f3w&#8221;. Spotkania odb\u0119d\u0105 si\u0119 w Krakowie i Warszawie.\u00a0<\/strong><\/p>\n<p style=\"text-align: justify;\">Komu bli\u017cej &#8211; temu w drog\u0119. Serdecznie zapraszam na oba spotkania &#8211; <a href=\"https:\/\/www.facebook.com\/events\/229828247204785\/?fref=ts\"><strong>tu link do tego Warszawskiego<\/strong><\/a>. Ja za\u015b, z oczywistych wzgl\u0119d\u00f3w, b\u0119d\u0119 go\u015bci\u0142 na spotkaniu Krakowskim, organizowanym w Artetece Wojew\u00f3dzkiej Biblioteki Publicznej &#8211; ju\u017c od 17:00. W ksi\u0105\u017cce znajduje si\u0119 moje opowiadanie pt. &#8222;Wampir.pl&#8221;, nie jest bardzo d\u0142ugie (jak zreszt\u0105 \u017cadne z moich opowiada\u0144), ale mam nadziej\u0119, \u017ce zadowoli lubuj\u0105cych si\u0119 w wampirach czytelnik\u00f3w, kt\u00f3rzy lubi\u0105 zadawa\u0107 pytania i dostawa\u0107 odpowiedzi.<\/p>\n<p style=\"text-align: justify;\">Spotkanie poprowadzi m\u00f3j przyjaciel, Franciszek Zgli\u0144ski. B\u0119dzie to pierwszy raz, kiedy nie prowadzimy takiego eventu razem (je\u015bli znajdujemy si\u0119 razem na scenie, zwykle tak to wygl\u0105da), jestem wi\u0119c szalenie ciekaw, jak ca\u0142a rzecz wypadnie. A i na samej scenie nie zabraknie znanych i lubianych autor\u00f3w polskiej grozy. Zreszt\u0105&#8230; niech przem\u00f3wi plakat:<\/p>\n<p style=\"text-align: center;\"><a href=\"http:\/\/stonawski.efantastyka.pl\/blog\/wp-content\/uploads\/2014\/02\/1620929_10152454469844505_181364722_n.jpg\"><img loading=\"lazy\" class=\"aligncenter  wp-image-2067\" alt=\"1620929_10152454469844505_181364722_n\" src=\"http:\/\/stonawski.efantastyka.pl\/blog\/wp-content\/uploads\/2014\/02\/1620929_10152454469844505_181364722_n.jpg\" width=\"461\" height=\"650\" srcset=\"http:\/\/stonawski.efantastyka.pl\/blog\/wp-content\/uploads\/2014\/02\/1620929_10152454469844505_181364722_n.jpg 640w, http:\/\/stonawski.efantastyka.pl\/blog\/wp-content\/uploads\/2014\/02\/1620929_10152454469844505_181364722_n-212x300.jpg 212w, http:\/\/stonawski.efantastyka.pl\/blog\/wp-content\/uploads\/2014\/02\/1620929_10152454469844505_181364722_n-600x846.jpg 600w\" sizes=\"(max-width: 461px) 100vw, 461px\" \/><\/a><\/p>\n<p style=\"text-align: justify;\">Zainteresowanych, zapraszam do klikni\u0119cia w <a href=\"https:\/\/www.facebook.com\/events\/1410759359180891\/\"><strong>TEN KRAKOWSKI LINK<\/strong><\/a>.<\/p>\n<p style=\"text-align: justify;\">Pami\u0119tajcie: <strong>Arteteka WBP w Krakowie, ul. Rajska 12, godz. 17:00 &#8211; 3.03.2014.<\/strong> P\u00f3\u017aniej za\u015b &#8211; After, czyli to, co wszyscy lubi\u0105 najbardziej.<\/p>\n","protected":false},"excerpt":{"rendered":"<p>Ju\u017c w poniedzia\u0142ek, trzeciego marca odb\u0119dzie si\u0119 og\u00f3lnopolska premiera antologii &#8222;Ksi\u0119ga Wampir\u00f3w&#8221;. Spotkania odb\u0119d\u0105 si\u0119 w Krakowie i Warszawie.\u00a0 Komu bli\u017cej &#8211; temu w drog\u0119. Serdecznie zapraszam na oba spotkania &#8211; tu link do tego Warszawskiego. Ja za\u015b, z oczywistych wzgl\u0119d\u00f3w, b\u0119d\u0119 go\u015bci\u0142 na spotkaniu Krakowskim, organizowanym w Artetece Wojew\u00f3dzkiej Biblioteki Publicznej &#8211; ju\u017c od 17:00. W ksi\u0105\u017cce znajduje si\u0119 moje opowiadanie pt. &#8222;Wampir.pl&#8221;, nie jest bardzo d\u0142ugie (jak zreszt\u0105 \u017cadne z moich opowiada\u0144), ale mam nadziej\u0119, \u017ce zadowoli lubuj\u0105cych si\u0119 w wampirach czytelnik\u00f3w, kt\u00f3rzy lubi\u0105 zadawa\u0107 pytania i dostawa\u0107 odpowiedzi. Spotkanie poprowadzi m\u00f3j przyjaciel, Franciszek Zgli\u0144ski. B\u0119dzie to pierwszy raz, kiedy nie prowadzimy takiego eventu razem (je\u015bli znajdujemy si\u0119 razem na scenie, zwykle tak to wygl\u0105da), jestem wi\u0119c szalenie ciekaw, jak ca\u0142a rzecz wypadnie. A i na samej scenie nie zabraknie znanych i lubianych autor\u00f3w polskiej grozy. Zreszt\u0105&#8230; niech przem\u00f3wi plakat: Zainteresowanych, zapraszam do klikni\u0119cia w TEN KRAKOWSKI LINK. Pami\u0119tajcie: Arteteka WBP w Krakowie, ul. Rajska 12, godz. 17:00 &#8211; 3.03.2014. P\u00f3\u017aniej za\u015b &#8211; After, czyli to, co wszyscy lubi\u0105 najbardziej.<\/p>\n","protected":false},"author":1,"featured_media":2066,"comment_status":"open","ping_status":"open","sticky":false,"template":"","format":"standard","meta":[],"categories":[8,155],"tags":[158,1410,1162,1153],"_links":{"self":[{"href":"http:\/\/stonawski.efantastyka.pl\/blog\/index.php\/wp-json\/wp\/v2\/posts\/2065"}],"collection":[{"href":"http:\/\/stonawski.efantastyka.pl\/blog\/index.php\/wp-json\/wp\/v2\/posts"}],"about":[{"href":"http:\/\/stonawski.efantastyka.pl\/blog\/index.php\/wp-json\/wp\/v2\/types\/post"}],"author":[{"embeddable":true,"href":"http:\/\/stonawski.efantastyka.pl\/blog\/index.php\/wp-json\/wp\/v2\/users\/1"}],"replies":[{"embeddable":true,"href":"http:\/\/stonawski.efantastyka.pl\/blog\/index.php\/wp-json\/wp\/v2\/comments?post=2065"}],"version-history":[{"count":1,"href":"http:\/\/stonawski.efantastyka.pl\/blog\/index.php\/wp-json\/wp\/v2\/posts\/2065\/revisions"}],"predecessor-version":[{"id":2068,"href":"http:\/\/stonawski.efantastyka.pl\/blog\/index.php\/wp-json\/wp\/v2\/posts\/2065\/revisions\/2068"}],"wp:featuredmedia":[{"embeddable":true,"href":"http:\/\/stonawski.efantastyka.pl\/blog\/index.php\/wp-json\/wp\/v2\/media\/2066"}],"wp:attachment":[{"href":"http:\/\/stonawski.efantastyka.pl\/blog\/index.php\/wp-json\/wp\/v2\/media?parent=2065"}],"wp:term":[{"taxonomy":"category","embeddable":true,"href":"http:\/\/stonawski.efantastyka.pl\/blog\/index.php\/wp-json\/wp\/v2\/categories?post=2065"},{"taxonomy":"post_tag","embeddable":true,"href":"http:\/\/stonawski.efantastyka.pl\/blog\/index.php\/wp-json\/wp\/v2\/tags?post=2065"}],"curies":[{"name":"wp","href":"https:\/\/api.w.org\/{rel}","templated":true}]}}