{"id":3005,"date":"2017-12-31T23:05:24","date_gmt":"2017-12-31T22:05:24","guid":{"rendered":"http:\/\/stonawski.efantastyka.pl\/blog\/?p=3005"},"modified":"2018-10-28T03:26:39","modified_gmt":"2018-10-28T02:26:39","slug":"to-byl-zlobry-rok","status":"publish","type":"post","link":"http:\/\/stonawski.efantastyka.pl\/blog\/index.php\/2017\/12\/to-byl-zlobry-rok\/","title":{"rendered":"To by\u0142 z\u0142obry rok."},"content":{"rendered":"<p style=\"text-align: justify;\"><strong>To by\u0142&#8230; z\u0142y rok. To by\u0142 dobry rok. To by\u0142 rok tak samo z\u0142obry, jak ostatnie Star Wars<\/strong>.<\/p>\n<p style=\"text-align: justify;\">To by\u0142 rok, w kt\u00f3rym uda\u0142o nam si\u0119 z\u00a0<a class=\"profileLink\" href=\"https:\/\/web.facebook.com\/FundacjaHoryzontZdarzen\/?fref=mentions\" data-hovercard=\"\/ajax\/hovercard\/page.php?id=458479890907979&amp;extragetparams=%7B%22fref%22%3A%22mentions%22%7D\" data-hovercard-prefer-more-content-show=\"1\">Fundacja Horyzont Zdarze\u0144 &#8211; Akademia Aktywno\u015bci i Rozwoju<\/a>\u00a0zrealizowa\u0107 par\u0119 fajnych rzeczy, jak\u00a0<a class=\"profileLink\" href=\"https:\/\/web.facebook.com\/KrakowskiFestiwalNaFalach\/?fref=mentions\" data-hovercard=\"\/ajax\/hovercard\/page.php?id=125389871350500&amp;extragetparams=%7B%22fref%22%3A%22mentions%22%7D\" data-hovercard-prefer-more-content-show=\"1\">Krakowski Festiwal Na Falach<\/a>, przy wsp\u00f3\u0142udziale\u00a0<a class=\"profileLink\" href=\"https:\/\/web.facebook.com\/lubiegroze\/?fref=mentions\" data-hovercard=\"\/ajax\/hovercard\/page.php?id=251363085301979&amp;extragetparams=%7B%22fref%22%3A%22mentions%22%7D\" data-hovercard-prefer-more-content-show=\"1\">Lubiegroze.pl<\/a>, czy rejs naszym\u00a0<a class=\"profileLink\" href=\"https:\/\/web.facebook.com\/Galar-Boudicca-125866648002446\/?fref=mentions\" data-hovercard=\"\/ajax\/hovercard\/page.php?id=125866648002446&amp;extragetparams=%7B%22fref%22%3A%22mentions%22%7D\" data-hovercard-prefer-more-content-show=\"1\">Galar Boudicca<\/a>.<\/p>\n<p style=\"text-align: justify;\">To by\u0142 rok, w kt\u00f3rym pierwszy raz jecha\u0142em karetk\u0105. To by\u0142 rok, w kt\u00f3rym pierwszy raz sam sobie nastawia\u0142em staw kolanowy. To by\u0142 rok, kiedy pierwszy raz us\u0142ysza\u0142<span class=\"text_exposed_show\">em, \u017ce mog\u0105 mnie operowa\u0107.<\/span><\/p>\n<p><!--more--><\/p>\n<div class=\"text_exposed_show\">\n<p style=\"text-align: justify;\">To by\u0142 rok, w kt\u00f3rym pojawi\u0142a si\u0119 moja pierwsza ksi\u0105\u017cka.<\/p>\n<p style=\"text-align: justify;\">To by\u0142 rok, w kt\u00f3rym umar\u0142 m\u00f3j dziadek i po dzi\u015b dzie\u0144 nie mog\u0119 si\u0119 z tego otrz\u0105sn\u0105\u0107.<\/p>\n<p style=\"text-align: justify;\">To by\u0142 rok, w kt\u00f3rym wyda\u0142em wi\u0119cej, ni\u017c w zesz\u0142ym &#8211; bo a\u017c 6 opowiada\u0144.<\/p>\n<p style=\"text-align: justify;\">To by\u0142 rok, w kt\u00f3rym poczu\u0142em si\u0119 naprawd\u0119 samotny.<\/p>\n<p style=\"text-align: justify;\">To by\u0142 rok, kiedy cieszy\u0142em si\u0119 ze szcz\u0119\u015bcia przyjaci\u00f3\u0142.<\/p>\n<p style=\"text-align: justify;\">To by\u0142 rok, kiedy dowiedzia\u0142em si\u0119 tego, co przede mn\u0105 ukrywano.<\/p>\n<p style=\"text-align: justify;\">To by\u0142 te\u017c rok wielu rado\u015bci i smutk\u00f3w. Ostatni rok \u017cegna\u0142em w towarzystwie pi\u0119knej kobiety, ten \u017cegnam w samotno\u015bci.<\/p>\n<p style=\"text-align: justify;\">Ostatni rok \u017cegna\u0142em wiedz\u0105c, \u017ce zawi\u0105za\u0142y si\u0119 silne wi\u0119zy przyja\u017ani w grupie otaczaj\u0105cych mnie os\u00f3b. Ten \u017cegnam, widz\u0105c, jak one p\u0119kaj\u0105 a wraz z nimi co\u015b we mnie.<\/p>\n<p style=\"text-align: justify;\">Rok temu by\u0142em pewien, \u017ce wszystkie plany wypal\u0105 i b\u0119d\u0119 m\u00f3g\u0142 by\u0107 spokojny o przysz\u0142o\u015b\u0107.<\/p>\n<p style=\"text-align: justify;\">Dzisiaj przysz\u0142o\u015b\u0107 jest dla mnie niewiadom\u0105.<\/p>\n<p style=\"text-align: justify;\">Rok temu z ulg\u0105 \u017cegna\u0142em poprzedni rok. Dzisiaj, mimo wszystko wiem, \u017ce jestem szcz\u0119\u015bliwym cz\u0142owiekiem.<\/p>\n<\/div>\n","protected":false},"excerpt":{"rendered":"<p>To by\u0142&#8230; z\u0142y rok. To by\u0142 dobry rok. To by\u0142 rok tak samo z\u0142obry, jak ostatnie Star Wars. To by\u0142 rok, w kt\u00f3rym uda\u0142o nam si\u0119 z\u00a0Fundacja Horyzont Zdarze\u0144 &#8211; Akademia Aktywno\u015bci i Rozwoju\u00a0zrealizowa\u0107 par\u0119 fajnych rzeczy, jak\u00a0Krakowski Festiwal Na Falach, przy wsp\u00f3\u0142udziale\u00a0Lubiegroze.pl, czy rejs naszym\u00a0Galar Boudicca. To by\u0142 rok, w kt\u00f3rym pierwszy raz jecha\u0142em karetk\u0105. To by\u0142 rok, w kt\u00f3rym pierwszy raz sam sobie nastawia\u0142em staw kolanowy. To by\u0142 rok, kiedy pierwszy raz us\u0142ysza\u0142em, \u017ce mog\u0105 mnie operowa\u0107.<\/p>\n","protected":false},"author":1,"featured_media":0,"comment_status":"open","ping_status":"open","sticky":false,"template":"","format":"standard","meta":[],"categories":[55],"tags":[1470,341,936],"_links":{"self":[{"href":"http:\/\/stonawski.efantastyka.pl\/blog\/index.php\/wp-json\/wp\/v2\/posts\/3005"}],"collection":[{"href":"http:\/\/stonawski.efantastyka.pl\/blog\/index.php\/wp-json\/wp\/v2\/posts"}],"about":[{"href":"http:\/\/stonawski.efantastyka.pl\/blog\/index.php\/wp-json\/wp\/v2\/types\/post"}],"author":[{"embeddable":true,"href":"http:\/\/stonawski.efantastyka.pl\/blog\/index.php\/wp-json\/wp\/v2\/users\/1"}],"replies":[{"embeddable":true,"href":"http:\/\/stonawski.efantastyka.pl\/blog\/index.php\/wp-json\/wp\/v2\/comments?post=3005"}],"version-history":[{"count":2,"href":"http:\/\/stonawski.efantastyka.pl\/blog\/index.php\/wp-json\/wp\/v2\/posts\/3005\/revisions"}],"predecessor-version":[{"id":3032,"href":"http:\/\/stonawski.efantastyka.pl\/blog\/index.php\/wp-json\/wp\/v2\/posts\/3005\/revisions\/3032"}],"wp:attachment":[{"href":"http:\/\/stonawski.efantastyka.pl\/blog\/index.php\/wp-json\/wp\/v2\/media?parent=3005"}],"wp:term":[{"taxonomy":"category","embeddable":true,"href":"http:\/\/stonawski.efantastyka.pl\/blog\/index.php\/wp-json\/wp\/v2\/categories?post=3005"},{"taxonomy":"post_tag","embeddable":true,"href":"http:\/\/stonawski.efantastyka.pl\/blog\/index.php\/wp-json\/wp\/v2\/tags?post=3005"}],"curies":[{"name":"wp","href":"https:\/\/api.w.org\/{rel}","templated":true}]}}