{"id":1170,"date":"2012-07-14T12:06:25","date_gmt":"2012-07-14T11:06:25","guid":{"rendered":"http:\/\/stonawski.efantastyka.pl\/blog\/?p=1170"},"modified":"2012-07-14T12:07:27","modified_gmt":"2012-07-14T11:07:27","slug":"mysla-w-przod","status":"publish","type":"post","link":"https:\/\/stonawski.efantastyka.pl\/blog\/index.php\/2012\/07\/mysla-w-przod\/","title":{"rendered":"My\u015bl\u0105 w prz\u00f3d"},"content":{"rendered":"<p><a href=\"http:\/\/stonawski.efantastyka.pl\/blog\/wp-content\/uploads\/2012\/07\/europa_z_galileo.jpg\"><img loading=\"lazy\" class=\"aligncenter  wp-image-1171\" title=\"europa_z_galileo\" src=\"http:\/\/stonawski.efantastyka.pl\/blog\/wp-content\/uploads\/2012\/07\/europa_z_galileo.jpg\" alt=\"\" width=\"431\" height=\"287\" srcset=\"https:\/\/stonawski.efantastyka.pl\/blog\/wp-content\/uploads\/2012\/07\/europa_z_galileo.jpg 500w, https:\/\/stonawski.efantastyka.pl\/blog\/wp-content\/uploads\/2012\/07\/europa_z_galileo-300x199.jpg 300w, https:\/\/stonawski.efantastyka.pl\/blog\/wp-content\/uploads\/2012\/07\/europa_z_galileo-190x126.jpg 190w, https:\/\/stonawski.efantastyka.pl\/blog\/wp-content\/uploads\/2012\/07\/europa_z_galileo-60x39.jpg 60w\" sizes=\"(max-width: 431px) 100vw, 431px\" \/><\/a><\/p>\n<p>Tak sobie czyta\u0142em <a href=\"http:\/\/nietuzinkowyblognaukowy.blogspot.com\/2012\/07\/ladowanie-na-europie.html\"><strong>TEN<\/strong><\/a> wpis i przypomnia\u0142a mi si\u0119 ciekawa my\u015bl, koncepcja w\u0142a\u015bciwie, nad kt\u00f3r\u0105 od lat sobie my\u015bl\u0119&#8230;<\/p>\n<p>Europa, drugie miejsce po Marsie, gdzie chcia\u0142bym si\u0119 znale\u017a\u0107. I o ile Marsa mam szans\u0119 pewnie do\u017cy\u0107, to Europa pozostaje w sferze sf. No, chyba, \u017ce si\u0119 zahibernuj\u0119, cho\u0107 p\u00f3ki co nie jest to mi\u0142y proces i w jednej z ameryka\u0144skich firm kriogenicznych przeprowadzany za pomoc\u0105 usuni\u0119cia wn\u0119trzno\u015bci, odci\u0119cia g\u0142owy i wsadzeniu jej do specjalnego pojemnika w nadziei, \u017ce w przysz\u0142o\u015bci medycyna pozwoli na odtworzenie cia\u0142a&#8230; wi\u0119c chyba si\u0119 nie zainteresuj\u0119, p\u00f3ki co.<\/p>\n<p>Wyobra\u017amy sobie wi\u0119c Europ\u0119, pokryty skorup\u0105 lodu ksi\u0119\u017cyc Jowisza. By\u0107 mo\u017ce istnieje pod ni\u0105 ocean, tak mo\u017cna stwierdzi\u0107 po badaniach pola magnetycznego. By\u0107 mo\u017ce wok\u00f3\u0142 wulkan\u00f3w w tym oceanie istnieje \u017cycie. By\u0107 mo\u017ce egzystuje ju\u017c na tyle d\u0142ugo, by osi\u0105gn\u0105\u0107 form\u0119 wi\u0119ksz\u0105, ni\u017c bakteria.<br \/>\nBy\u0107 mo\u017ce, osi\u0105gn\u0119\u0142o kszta\u0142ty i rozmiary nie znane ziemskim naukowcom. By\u0107 mo\u017ce zyska\u0142o nawet inteligencj\u0119.<\/p>\n<p>Koncepcja inteligencji ukrytej gdzie\u015b pod lodami Europy jest dobrze znana, pisa\u0142 o niej nawet sam Arhur C. Clarke. Zastan\u00f3wmy si\u0119 chwil\u0119, jakie to inteligentne \u017cycie mog\u0142oby by\u0107?<\/p>\n<p>Zostawmy cia\u0142o, by\u0142oby dostosowane do warunk\u00f3w, gruba sk\u00f3ra do ochrony przed zimnem, by\u0107 mo\u017ce brak oczu, niepotrzebnych, kiedy nie ma \u015bwiat\u0142a.<br \/>\nPomy\u015bla\u0142em o cywilizacji, kt\u00f3ra nigdy nie widzia\u0142a gwiazd, a jej najwi\u0119kszym osi\u0105gni\u0119ciem technicznym mo\u017ce by\u0107 spos\u00f3b podr\u00f3\u017cy pomi\u0119dzy niewielkimi wysepkami ciep\u0142a, jakie daj\u0105 wulkany, ich odpowiednikami kontynent\u00f3w. Takie istoty musia\u0142yby te\u017c komunikowa\u0107 si\u0119 w jaki\u015b spos\u00f3b, echolokacja? Telepatia? Dotyk we w\u0142a\u015bciwym miejscu i z odpowiednim naciskiem?<\/p>\n<p>A co z kultur\u0105? Jak wygl\u0105da\u0142oby \u017cycie cywilizacji, kt\u00f3ra nie zna poj\u0119cia &#8222;wszech\u015bwiat&#8221;? Dla kt\u00f3rej jest tylko &#8222;tu i teraz&#8221;, kt\u00f3rej badacze nawet nie podejrzewaj\u0105 istnienia gwiazd, czy te\u017c innych \u015bwiat\u00f3w?<\/p>\n<p>By\u0142oby dla nich szokiem, gdyby dowiedzieli si\u0119 o wszech\u015bwiecie. By\u0107 mo\u017ce tak wielkim,\u00a0\u00a0\u00a0\u00a0\u00a0\u00a0\u00a0\u00a0\u00a0\u00a0\u00a0\u00a0 \u017ce &#8211; jako cywilizacja &#8211; nie przetrwali by tego.<br \/>\nPod warunkiem, \u017ce by si\u0119 dowiedzieli. Musieliby si\u0119 porozumie\u0107 z nami, co prawdopodobnie\u00a0 nie by\u0142oby mo\u017cliwe, z uwagi nawet nie na j\u0119zyk a na brak punkt\u00f3w odniesienia.<\/p>\n<p>Jak jeszcze wygl\u0105daliby, jak mieszkaliby Europejczycy?<\/p>\n<p>Zapraszam do komentarzy :)<\/p>\n","protected":false},"excerpt":{"rendered":"<p>Tak sobie czyta\u0142em TEN wpis i przypomnia\u0142a mi si\u0119 ciekawa my\u015bl, koncepcja w\u0142a\u015bciwie, nad kt\u00f3r\u0105 od lat sobie my\u015bl\u0119&#8230; Europa, drugie miejsce po Marsie, gdzie chcia\u0142bym si\u0119 znale\u017a\u0107. I o ile Marsa mam szans\u0119 pewnie do\u017cy\u0107, to Europa pozostaje w sferze sf. No, chyba, \u017ce si\u0119 zahibernuj\u0119, cho\u0107 p\u00f3ki co nie jest to mi\u0142y proces i w jednej z ameryka\u0144skich firm kriogenicznych przeprowadzany za pomoc\u0105 usuni\u0119cia wn\u0119trzno\u015bci, odci\u0119cia g\u0142owy i wsadzeniu jej do specjalnego pojemnika w nadziei, \u017ce w przysz\u0142o\u015bci medycyna pozwoli na odtworzenie cia\u0142a&#8230; wi\u0119c chyba si\u0119 nie zainteresuj\u0119, p\u00f3ki co. Wyobra\u017amy sobie wi\u0119c Europ\u0119, pokryty skorup\u0105 lodu ksi\u0119\u017cyc Jowisza. By\u0107 mo\u017ce istnieje pod ni\u0105 ocean, tak mo\u017cna stwierdzi\u0107 po badaniach pola magnetycznego. By\u0107 mo\u017ce wok\u00f3\u0142 wulkan\u00f3w w tym oceanie istnieje \u017cycie. By\u0107 mo\u017ce egzystuje ju\u017c na tyle d\u0142ugo, by osi\u0105gn\u0105\u0107 form\u0119 wi\u0119ksz\u0105, ni\u017c bakteria. By\u0107 mo\u017ce, osi\u0105gn\u0119\u0142o kszta\u0142ty i rozmiary nie znane ziemskim naukowcom. By\u0107 mo\u017ce zyska\u0142o nawet inteligencj\u0119. Koncepcja inteligencji ukrytej gdzie\u015b pod lodami Europy jest dobrze znana, pisa\u0142 o niej nawet sam Arhur C. Clarke. Zastan\u00f3wmy si\u0119 chwil\u0119, jakie to inteligentne \u017cycie mog\u0142oby by\u0107? Zostawmy cia\u0142o, by\u0142oby dostosowane do warunk\u00f3w, gruba sk\u00f3ra do ochrony przed zimnem, by\u0107 mo\u017ce brak oczu, niepotrzebnych, kiedy nie ma \u015bwiat\u0142a. Pomy\u015bla\u0142em o cywilizacji, kt\u00f3ra nigdy nie widzia\u0142a gwiazd, a jej najwi\u0119kszym osi\u0105gni\u0119ciem technicznym mo\u017ce by\u0107 spos\u00f3b podr\u00f3\u017cy pomi\u0119dzy niewielkimi wysepkami ciep\u0142a, jakie daj\u0105 wulkany, ich odpowiednikami kontynent\u00f3w. Takie istoty musia\u0142yby te\u017c komunikowa\u0107 si\u0119 w jaki\u015b spos\u00f3b, echolokacja? Telepatia? Dotyk we w\u0142a\u015bciwym miejscu i z odpowiednim naciskiem? A co z kultur\u0105? Jak wygl\u0105da\u0142oby \u017cycie cywilizacji, kt\u00f3ra nie zna poj\u0119cia &#8222;wszech\u015bwiat&#8221;? Dla kt\u00f3rej jest tylko &#8222;tu i teraz&#8221;, kt\u00f3rej badacze nawet nie podejrzewaj\u0105 istnienia gwiazd, czy te\u017c innych \u015bwiat\u00f3w? By\u0142oby dla nich szokiem, gdyby dowiedzieli si\u0119 o wszech\u015bwiecie. By\u0107 mo\u017ce tak wielkim,\u00a0\u00a0\u00a0\u00a0\u00a0\u00a0\u00a0\u00a0\u00a0\u00a0\u00a0\u00a0 \u017ce &#8211; jako cywilizacja &#8211; nie przetrwali by tego. Pod warunkiem, \u017ce by si\u0119 dowiedzieli. Musieliby si\u0119 porozumie\u0107 z nami, co prawdopodobnie\u00a0 nie by\u0142oby mo\u017cliwe, z uwagi nawet nie na j\u0119zyk a na brak punkt\u00f3w odniesienia. Jak jeszcze wygl\u0105daliby, jak mieszkaliby Europejczycy? Zapraszam do komentarzy :)<\/p>\n","protected":false},"author":1,"featured_media":0,"comment_status":"open","ping_status":"open","sticky":false,"template":"","format":"standard","meta":[],"categories":[46,23],"tags":[757,758,759,54,760],"_links":{"self":[{"href":"https:\/\/stonawski.efantastyka.pl\/blog\/index.php\/wp-json\/wp\/v2\/posts\/1170"}],"collection":[{"href":"https:\/\/stonawski.efantastyka.pl\/blog\/index.php\/wp-json\/wp\/v2\/posts"}],"about":[{"href":"https:\/\/stonawski.efantastyka.pl\/blog\/index.php\/wp-json\/wp\/v2\/types\/post"}],"author":[{"embeddable":true,"href":"https:\/\/stonawski.efantastyka.pl\/blog\/index.php\/wp-json\/wp\/v2\/users\/1"}],"replies":[{"embeddable":true,"href":"https:\/\/stonawski.efantastyka.pl\/blog\/index.php\/wp-json\/wp\/v2\/comments?post=1170"}],"version-history":[{"count":3,"href":"https:\/\/stonawski.efantastyka.pl\/blog\/index.php\/wp-json\/wp\/v2\/posts\/1170\/revisions"}],"predecessor-version":[{"id":1173,"href":"https:\/\/stonawski.efantastyka.pl\/blog\/index.php\/wp-json\/wp\/v2\/posts\/1170\/revisions\/1173"}],"wp:attachment":[{"href":"https:\/\/stonawski.efantastyka.pl\/blog\/index.php\/wp-json\/wp\/v2\/media?parent=1170"}],"wp:term":[{"taxonomy":"category","embeddable":true,"href":"https:\/\/stonawski.efantastyka.pl\/blog\/index.php\/wp-json\/wp\/v2\/categories?post=1170"},{"taxonomy":"post_tag","embeddable":true,"href":"https:\/\/stonawski.efantastyka.pl\/blog\/index.php\/wp-json\/wp\/v2\/tags?post=1170"}],"curies":[{"name":"wp","href":"https:\/\/api.w.org\/{rel}","templated":true}]}}