{"id":1810,"date":"2013-10-02T16:21:57","date_gmt":"2013-10-02T15:21:57","guid":{"rendered":"http:\/\/stonawski.efantastyka.pl\/blog\/?p=1810"},"modified":"2013-10-02T16:21:57","modified_gmt":"2013-10-02T15:21:57","slug":"jak-sie-pisze-5","status":"publish","type":"post","link":"https:\/\/stonawski.efantastyka.pl\/blog\/index.php\/2013\/10\/jak-sie-pisze-5\/","title":{"rendered":"Jak si\u0119 pisze #5"},"content":{"rendered":"<p style=\"text-align: justify;\"><a href=\"http:\/\/stonawski.efantastyka.pl\/blog\/wp-content\/uploads\/2013\/09\/pisanie.jpg\"><img loading=\"lazy\" class=\"aligncenter size-full wp-image-1811\" alt=\"pisanie\" src=\"http:\/\/stonawski.efantastyka.pl\/blog\/wp-content\/uploads\/2013\/09\/pisanie.jpg\" width=\"496\" height=\"258\" srcset=\"https:\/\/stonawski.efantastyka.pl\/blog\/wp-content\/uploads\/2013\/09\/pisanie.jpg 496w, https:\/\/stonawski.efantastyka.pl\/blog\/wp-content\/uploads\/2013\/09\/pisanie-300x156.jpg 300w\" sizes=\"(max-width: 496px) 100vw, 496px\" \/><\/a><br \/>\n<strong>M\u0119cz\u0105 terminy, m\u0119czy UJ-owski USOS, parali\u017cuj\u0105c mnie w swej m\u0119tnej sieci. To ta z\u0142a strona pisania &#8211; brak czasu, kiedy we\u017amiemy na siebie zbyt du\u017co. Ja wzi\u0105\u0142em. Obecnie pisz\u0119 trzy opowiadania na raz &#8211; ka\u017cde z nich posuwa si\u0119 powoli. Ka\u017cde z nich jest ju\u017c po terminie.\u00a0<\/strong><\/p>\n<p style=\"text-align: justify;\">Skar\u017c\u0119 si\u0119, a nie powinienem &#8211; po co bra\u0142em tyle na siebie? Zwyk\u0142a nieuwaga, \u017ce ju\u017c terminy mam pozajmowane? A mo\u017ce chora ambicja? Terminy m\u0119cz\u0105, nied\u0142ugo maj\u0105 ruszy\u0107 prace wydawnicze nad ksi\u0105\u017ck\u0105, nied\u0142ugo ma ruszy\u0107 pismo z moim opkiem (to na szcz\u0119\u015bcie ju\u017c dawno w redakcji), czas goni, zegar tyka. Usos m\u0119czy, co chwile si\u0119 przeci\u0105\u017caj\u0105c, kot miauczy &#8211; g\u0142odna, listonosz zostawi\u0142 awizo, a nie mam nawet kiedy p\u00f3j\u015b\u0107 na poczt\u0119. Bolesna \u015bwiadomo\u015b\u0107, \u017ce musz\u0119 jeszcze wygrzeba\u0107 si\u0119 z publicystyki &#8211; dodatkowo daje po garach.<\/p>\n<p style=\"text-align: justify;\">Wygrzebi\u0119 si\u0119. Obieca\u0142em, wi\u0119c dotrzymam s\u0142owa. Zn\u00f3w \u015bpi\u0119 po 3 godziny na dob\u0119, ale dam rad\u0119. Najwa\u017cniejsze, to prze\u0107 naprz\u00f3d, nawet, je\u015bli okaza\u0142o si\u0119 g\u0142upot\u0119 &#8211; jak ja. Nast\u0119pna rzecz, kt\u00f3r\u0105 osoba pisz\u0105ca musi pami\u0119ta\u0107 &#8211; nie by\u0107 g\u0142upim.<\/p>\n<p style=\"text-align: justify;\">Zapomnia\u0142em.<\/p>\n<p>&nbsp;<\/p>\n","protected":false},"excerpt":{"rendered":"<p>M\u0119cz\u0105 terminy, m\u0119czy UJ-owski USOS, parali\u017cuj\u0105c mnie w swej m\u0119tnej sieci. To ta z\u0142a strona pisania &#8211; brak czasu, kiedy we\u017amiemy na siebie zbyt du\u017co. Ja wzi\u0105\u0142em. Obecnie pisz\u0119 trzy opowiadania na raz &#8211; ka\u017cde z nich posuwa si\u0119 powoli. Ka\u017cde z nich jest ju\u017c po terminie.\u00a0 Skar\u017c\u0119 si\u0119, a nie powinienem &#8211; po co bra\u0142em tyle na siebie? Zwyk\u0142a nieuwaga, \u017ce ju\u017c terminy mam pozajmowane? A mo\u017ce chora ambicja? Terminy m\u0119cz\u0105, nied\u0142ugo maj\u0105 ruszy\u0107 prace wydawnicze nad ksi\u0105\u017ck\u0105, nied\u0142ugo ma ruszy\u0107 pismo z moim opkiem (to na szcz\u0119\u015bcie ju\u017c dawno w redakcji), czas goni, zegar tyka. Usos m\u0119czy, co chwile si\u0119 przeci\u0105\u017caj\u0105c, kot miauczy &#8211; g\u0142odna, listonosz zostawi\u0142 awizo, a nie mam nawet kiedy p\u00f3j\u015b\u0107 na poczt\u0119. Bolesna \u015bwiadomo\u015b\u0107, \u017ce musz\u0119 jeszcze wygrzeba\u0107 si\u0119 z publicystyki &#8211; dodatkowo daje po garach. Wygrzebi\u0119 si\u0119. Obieca\u0142em, wi\u0119c dotrzymam s\u0142owa. Zn\u00f3w \u015bpi\u0119 po 3 godziny na dob\u0119, ale dam rad\u0119. Najwa\u017cniejsze, to prze\u0107 naprz\u00f3d, nawet, je\u015bli okaza\u0142o si\u0119 g\u0142upot\u0119 &#8211; jak ja. Nast\u0119pna rzecz, kt\u00f3r\u0105 osoba pisz\u0105ca musi pami\u0119ta\u0107 &#8211; nie by\u0107 g\u0142upim. Zapomnia\u0142em. &nbsp;<\/p>\n","protected":false},"author":1,"featured_media":1811,"comment_status":"open","ping_status":"open","sticky":false,"template":"","format":"standard","meta":[],"categories":[1],"tags":[],"_links":{"self":[{"href":"https:\/\/stonawski.efantastyka.pl\/blog\/index.php\/wp-json\/wp\/v2\/posts\/1810"}],"collection":[{"href":"https:\/\/stonawski.efantastyka.pl\/blog\/index.php\/wp-json\/wp\/v2\/posts"}],"about":[{"href":"https:\/\/stonawski.efantastyka.pl\/blog\/index.php\/wp-json\/wp\/v2\/types\/post"}],"author":[{"embeddable":true,"href":"https:\/\/stonawski.efantastyka.pl\/blog\/index.php\/wp-json\/wp\/v2\/users\/1"}],"replies":[{"embeddable":true,"href":"https:\/\/stonawski.efantastyka.pl\/blog\/index.php\/wp-json\/wp\/v2\/comments?post=1810"}],"version-history":[{"count":1,"href":"https:\/\/stonawski.efantastyka.pl\/blog\/index.php\/wp-json\/wp\/v2\/posts\/1810\/revisions"}],"predecessor-version":[{"id":1813,"href":"https:\/\/stonawski.efantastyka.pl\/blog\/index.php\/wp-json\/wp\/v2\/posts\/1810\/revisions\/1813"}],"wp:featuredmedia":[{"embeddable":true,"href":"https:\/\/stonawski.efantastyka.pl\/blog\/index.php\/wp-json\/wp\/v2\/media\/1811"}],"wp:attachment":[{"href":"https:\/\/stonawski.efantastyka.pl\/blog\/index.php\/wp-json\/wp\/v2\/media?parent=1810"}],"wp:term":[{"taxonomy":"category","embeddable":true,"href":"https:\/\/stonawski.efantastyka.pl\/blog\/index.php\/wp-json\/wp\/v2\/categories?post=1810"},{"taxonomy":"post_tag","embeddable":true,"href":"https:\/\/stonawski.efantastyka.pl\/blog\/index.php\/wp-json\/wp\/v2\/tags?post=1810"}],"curies":[{"name":"wp","href":"https:\/\/api.w.org\/{rel}","templated":true}]}}