{"id":214,"date":"2010-06-30T20:28:05","date_gmt":"2010-06-30T19:28:05","guid":{"rendered":"http:\/\/stonawski.efantastyka.pl\/?p=214"},"modified":"2010-06-30T20:30:57","modified_gmt":"2010-06-30T19:30:57","slug":"smierc-dusza-i-cala-reszta","status":"publish","type":"post","link":"https:\/\/stonawski.efantastyka.pl\/blog\/index.php\/2010\/06\/smierc-dusza-i-cala-reszta\/","title":{"rendered":"\u015amier\u0107, dusza i ca\u0142a reszta."},"content":{"rendered":"<p style=\"text-align: left;\">\u017bar leje si\u0119 z nieba. Spogl\u0105daj\u0105c na \u015bwiec\u0105ce mi w oczy s\u0142o\u0144ce, zastanawiam si\u0119, jak to si\u0119 sta\u0142o, \u017ce g\u00f3rne warstwy atmosfery ci\u0105gle maj\u0105 kolor niebieski, a gor\u0105c nie sprawi\u0142 jeszcze, \u017ce wyparowa\u0142y oceany.<br \/>\nTakie dnie skutecznie odstraszaj\u0105 od my\u015blenia, czy pisania. Cz\u0142owiek chce si\u0119 tylko schowa\u0107 w swojej norce i nie wychodzi\u0107 stamt\u0105d, a\u017c to ,,jasne i gor\u0105ce&#8221; sobie nie p\u00f3jdzie.<br \/>\nA tu niespodzianka; \u017cycie zmusza do wyj\u015bcia, my\u015blenia, pisania&#8230; a mo\u017ce to nie \u017cycie? Mo\u017ce to jaki\u015b wewn\u0119trzny przymus, nazwij to nawet na\u0142ogiem, kt\u00f3ry targa moimi wn\u0119trzno\u015bciami? Dosy\u0107, \u017ce literki same si\u0119 nie wklepi\u0105. Ca\u0142e szcz\u0119\u015bcie, \u017ce m\u00f3j ,,dzie\u0144 pisania&#8221; nadchodzi w nocy&#8230;<\/p>\n<p>Wr\u00f3ci\u0142em z Dni Fantastyki. Musz\u0119 Ci opowiedzie\u0107 jak by\u0142o, a ci\u0105gle pami\u0119tam jeszcze o relacji z zakonu Benedyktyn\u00f3w i picia ich nalewki. Wszystko to nade mn\u0105 kr\u0105\u017cy i nie daje spokoju. A przecie\u017c tyle jest jeszcze do zrobienia&#8230;! Czasu za\u015b tak ma\u0142o.<br \/>\nNie, relacji dzi\u015b nie b\u0119dzie. Si\u0142y zachowa\u0107 musz\u0119 na pisanie, oraz recenzje&#8230; a, w\u0142a\u015bnie, skoro ju\u017c o tym mowa:<\/p>\n<p>Na Enklawie Magii pojawi\u0142y si\u0119 moje dwie recenzje. Dotycz\u0105 zbior\u00f3w opowiada\u0144 ,,Anima Vilis&#8221; Krzy\u015bka T. D\u0105browskiego, oraz ,,Sze\u015b\u0107 razy \u015bmier\u0107&#8221; &#8211; antologii Adama Zalewskiego. Oczywi\u015bcie, gor\u0105co polecam przeczyta\u0107!<br \/>\nFragmenty poni\u017cej:<\/p>\n<p style=\"text-align: center;\">\n<p style=\"text-align: center;\"><strong>Anima Vilis<\/strong><\/p>\n<p><em><a href=\"http:\/\/stonawski.efantastyka.pl\/wp-content\/uploads\/2010\/06\/animavilis.jpg\"><img loading=\"lazy\" class=\"alignleft size-full wp-image-215\" src=\"http:\/\/stonawski.efantastyka.pl\/wp-content\/uploads\/2010\/06\/animavilis.jpg\" alt=\"\" width=\"116\" height=\"168\" \/><\/a>M\u00f3wi si\u0119, \u017ce strach ma wiele twarzy. Czasem ponur\u0105 i trupio blad\u0105,  kiedy indziej \u2013 nie wida\u0107 jej wcale, za to z mroku dobiega zgrzyt  brudnych i ostrych z\u0119b\u00f3w. Zdarza si\u0119 jednak i tak, \u017ce wykrzywione usta  w\u0119druj\u0105 do g\u00f3ry, a trupia twarz nabiega krwi\u0105, staj\u0105c si\u0119 bardziej  ludzka. Bli\u017csza. A przez to \u2013 straszniejsza.<\/em><\/p>\n<p><em>Krzysztof T. D\u0105browski nie jest na polskim rynku literatury grozy  postaci\u0105 szczeg\u00f3lnie  znan\u0105. Jego opowiadania o wiele cz\u0119\u015bciej ukazuj\u0105  si\u0119 za granic\u0105, w Ameryce, Brazylii, na S\u0142owacji, czy te\u017c w Czechach. W  2008 roku \u015bwiat\u0142o dzienne ujrza\u0142a jego pierwsza antologia &#8211;  \u201eNie\u015bmierciny\u201d, potem, na dwa d\u0142ugie lata zapad\u0142a cisza, w kt\u00f3rej  s\u0142ycha\u0107 by\u0142o tylko pomruki nadchodz\u0105cej burzy, kiedy D\u0105browski ko\u0144czy\u0142  kt\u00f3r\u0105 ze swoich historii.  Nic jednak nie wskazywa\u0142o, by mia\u0142a ona  nadej\u015b\u0107 rych\u0142o. I \u2013 jak prawie ka\u017cda chyba burza \u2013 zjawi\u0142a si\u0119 nagle, z  impetem (&#8230;)<\/em><\/p>\n<p><strong><a href=\"http:\/\/www.enklawamagii.pl\/literatura\/krzysztoftdabrowski\/animavilis\/recenzja\" target=\"_self\">Ca\u0142o\u015b\u0107<\/a><\/strong><\/p>\n<p>Zach\u0119cam tak\u017ce do wzi\u0119cia udzia\u0142u w <a href=\"http:\/\/www.enklawamagii.pl\/konkursy\/czerwcowykonkurs\/\" target=\"_self\"><strong>konkursie<\/strong><\/a>, w kt\u00f3rym mo\u017cna wygra\u0107 egzemplarze ksi\u0105\u017cki!<\/p>\n<p style=\"text-align: center;\"><strong>Sze\u015b\u0107 razy \u015bmier\u0107<\/strong><\/p>\n<p><em><a href=\"http:\/\/stonawski.efantastyka.pl\/wp-content\/uploads\/2010\/06\/szescrazysmierc.jpg\"><img loading=\"lazy\" class=\"alignleft size-full wp-image-216\" src=\"http:\/\/stonawski.efantastyka.pl\/wp-content\/uploads\/2010\/06\/szescrazysmierc.jpg\" alt=\"\" width=\"114\" height=\"179\" \/><\/a>W \u017cyciu ka\u017cdego cz\u0142owieka przychodzi \u2013 pr\u0119dzej, czy p\u00f3\u017aniej &#8211; taki  dzie\u0144, kt\u00f3ry okazuje si\u0119 by\u0107 ostatnim. Jest to nieuniknione, a jednak,  ka\u017cdy stara si\u0119 istnie\u0107, odsuwaj\u0105c widmo \u015bmierci jak najdalej od siebie,  ku granicom umys\u0142u. Tylko czasem, kiedy dopada melancholijny nastr\u00f3j,  patrzymy na kalendarz i zastanawiamy si\u0119, ile nam jeszcze zosta\u0142o. I  nawet wtedy, usi\u0142uj\u0105c wyliczy\u0107 czas, kiedy nie b\u0119dzie nas ju\u017c na tym  \u015bwiecie, datujemy go bardzo odlegle, nie chc\u0105c dopu\u015bci\u0107 do g\u0142osu  natr\u0119tnej, brz\u0119cz\u0105cej gdzie\u015b w g\u0142owie my\u015bli, \u017ce wypadki bardzo lubi\u0105  chodzi\u0107 po ludziach, a ka\u017cdy napotkany na ulicy cz\u0142owiek mo\u017ce by\u0107  morderc\u0105 szukaj\u0105cym ofiary\u2026<\/em><\/p>\n<p><em>Adam Zalewski wszed\u0142 na polski rynek powie\u015bci grozy i thriller\u00f3w pod  koniec 2008 roku ciep\u0142o przyj\u0119t\u0105 powie\u015bci\u0105 \u201eBia\u0142a Wied\u017ama\u201d. Par\u0119  miesi\u0119cy p\u00f3\u017aniej, ju\u017c w roku 2009, do\u0142\u0105czy\u0142a do niej nast\u0119pna, jeszcze  lepsza ksi\u0105\u017cka \u201eRowerzysta\u201d, a po niej, nawi\u0105zuj\u0105cy do debiutu \u201eCie\u0144  znad jeziora\u201d. Potem zapad\u0142a cisza. Zapewne wielu spodziewa\u0142o si\u0119, \u017ce  nied\u0142ugo ujrzy \u015bwiat\u0142o dzienne kolejna pe\u0142nokrwista powie\u015b\u0107 autora, lecz  kiedy wreszcie wynik jego pracy wychyn\u0105\u0142 zza tajemniczej zas\u0142ony,  okaza\u0142o si\u0119, \u017ce Zalewski zaserwowa\u0142 czytelnikom ma\u0142\u0105 niespodziank\u0119. W  swojej nowej ksi\u0105\u017cce Adam Zalewski proponuje &#8211; niemal namacalne &#8211;  spotkanie ze \u015bmierci\u0105. I to nie jedno, a sze\u015b\u0107, \u201eSze\u015b\u0107 razy \u015bmier\u0107\u201d jest  bowiem zbiorem opowiada\u0144 (&#8230;<\/em><em>)<\/em><\/p>\n<p><a href=\"http:\/\/www.enklawamagii.pl\/literatura\/adamzalewski\/szescrazysmierc\/recenzja\" target=\"_blank\"><strong>Ca\u0142o\u015b\u0107<\/strong><\/a><\/p>\n<p>A tak na koniec (co si\u0119 tyczy tytu\u0142owej ,,ca\u0142ej reszty&#8221;) zapraszam r\u00f3wnie\u017c na kana\u0142 ,,<a href=\"http:\/\/www.youtube.com\/user\/EnklawaTV\" target=\"_blank\"><strong>EnklawaTV<\/strong><\/a>&#8221; na YouTube, m\u00f3j ma\u0142y projekcik. Na nim ju\u017c nied\u0142ugo pojawi\u0105 si\u0119 ciekawe filmy, dla wszystkich zainteresowanych fantastyk\u0105.<\/p>\n","protected":false},"excerpt":{"rendered":"<p>\u017bar leje si\u0119 z nieba. Spogl\u0105daj\u0105c na \u015bwiec\u0105ce mi w oczy s\u0142o\u0144ce, zastanawiam si\u0119, jak to si\u0119 sta\u0142o, \u017ce g\u00f3rne warstwy atmosfery ci\u0105gle maj\u0105 kolor niebieski, a gor\u0105c nie sprawi\u0142 jeszcze, \u017ce wyparowa\u0142y oceany. Takie dnie skutecznie odstraszaj\u0105 od my\u015blenia, czy pisania. Cz\u0142owiek chce si\u0119 tylko schowa\u0107 w swojej norce i nie wychodzi\u0107 stamt\u0105d, a\u017c to ,,jasne i gor\u0105ce&#8221; sobie nie p\u00f3jdzie. A tu niespodzianka; \u017cycie zmusza do wyj\u015bcia, my\u015blenia, pisania&#8230; a mo\u017ce to nie \u017cycie? Mo\u017ce to jaki\u015b wewn\u0119trzny przymus, nazwij to nawet na\u0142ogiem, kt\u00f3ry targa moimi wn\u0119trzno\u015bciami? Dosy\u0107, \u017ce literki same si\u0119 nie wklepi\u0105. Ca\u0142e szcz\u0119\u015bcie, \u017ce m\u00f3j ,,dzie\u0144 pisania&#8221; nadchodzi w nocy&#8230; Wr\u00f3ci\u0142em z Dni Fantastyki. Musz\u0119 Ci opowiedzie\u0107 jak by\u0142o, a ci\u0105gle pami\u0119tam jeszcze o relacji z zakonu Benedyktyn\u00f3w i picia ich nalewki. Wszystko to nade mn\u0105 kr\u0105\u017cy i nie daje spokoju. A przecie\u017c tyle jest jeszcze do zrobienia&#8230;! Czasu za\u015b tak ma\u0142o. Nie, relacji dzi\u015b nie b\u0119dzie. Si\u0142y zachowa\u0107 musz\u0119 na pisanie, oraz recenzje&#8230; a, w\u0142a\u015bnie, skoro ju\u017c o tym mowa: Na Enklawie Magii pojawi\u0142y si\u0119 moje dwie recenzje. Dotycz\u0105 zbior\u00f3w opowiada\u0144 ,,Anima Vilis&#8221; Krzy\u015bka T. D\u0105browskiego, oraz ,,Sze\u015b\u0107 razy \u015bmier\u0107&#8221; &#8211; antologii Adama Zalewskiego. Oczywi\u015bcie, gor\u0105co polecam przeczyta\u0107! Fragmenty poni\u017cej: Anima Vilis M\u00f3wi si\u0119, \u017ce strach ma wiele twarzy. Czasem ponur\u0105 i trupio blad\u0105, kiedy indziej \u2013 nie wida\u0107 jej wcale, za to z mroku dobiega zgrzyt brudnych i ostrych z\u0119b\u00f3w. Zdarza si\u0119 jednak i tak, \u017ce wykrzywione usta w\u0119druj\u0105 do g\u00f3ry, a trupia twarz nabiega krwi\u0105, staj\u0105c si\u0119 bardziej ludzka. Bli\u017csza. A przez to \u2013 straszniejsza. Krzysztof T. D\u0105browski nie jest na polskim rynku literatury grozy postaci\u0105 szczeg\u00f3lnie znan\u0105. Jego opowiadania o wiele cz\u0119\u015bciej ukazuj\u0105 si\u0119 za granic\u0105, w Ameryce, Brazylii, na S\u0142owacji, czy te\u017c w Czechach. W 2008 roku \u015bwiat\u0142o dzienne ujrza\u0142a jego pierwsza antologia &#8211; \u201eNie\u015bmierciny\u201d, potem, na dwa d\u0142ugie lata zapad\u0142a cisza, w kt\u00f3rej s\u0142ycha\u0107 by\u0142o tylko pomruki nadchodz\u0105cej burzy, kiedy D\u0105browski ko\u0144czy\u0142 kt\u00f3r\u0105 ze swoich historii. Nic jednak nie wskazywa\u0142o, by mia\u0142a ona nadej\u015b\u0107 rych\u0142o. I \u2013 jak prawie ka\u017cda chyba burza \u2013 zjawi\u0142a si\u0119 nagle, z impetem (&#8230;) Ca\u0142o\u015b\u0107 Zach\u0119cam tak\u017ce do wzi\u0119cia udzia\u0142u w konkursie, w kt\u00f3rym mo\u017cna wygra\u0107 egzemplarze ksi\u0105\u017cki! Sze\u015b\u0107 razy \u015bmier\u0107 W \u017cyciu ka\u017cdego cz\u0142owieka przychodzi \u2013 pr\u0119dzej, czy p\u00f3\u017aniej &#8211; taki dzie\u0144, kt\u00f3ry okazuje si\u0119 by\u0107 ostatnim. Jest to nieuniknione, a jednak, ka\u017cdy stara si\u0119 istnie\u0107, odsuwaj\u0105c widmo \u015bmierci jak najdalej od siebie, ku granicom umys\u0142u. Tylko czasem, kiedy dopada melancholijny nastr\u00f3j, patrzymy na kalendarz i zastanawiamy si\u0119, ile nam jeszcze zosta\u0142o. I nawet wtedy, usi\u0142uj\u0105c wyliczy\u0107 czas, kiedy nie b\u0119dzie nas ju\u017c na tym \u015bwiecie, datujemy go bardzo odlegle, nie chc\u0105c dopu\u015bci\u0107 do g\u0142osu natr\u0119tnej, brz\u0119cz\u0105cej gdzie\u015b w g\u0142owie my\u015bli, \u017ce wypadki bardzo lubi\u0105 chodzi\u0107 po ludziach, a ka\u017cdy napotkany na ulicy cz\u0142owiek mo\u017ce by\u0107 morderc\u0105 szukaj\u0105cym ofiary\u2026 Adam Zalewski wszed\u0142 na polski rynek powie\u015bci grozy i thriller\u00f3w pod koniec 2008 roku ciep\u0142o przyj\u0119t\u0105 powie\u015bci\u0105 \u201eBia\u0142a Wied\u017ama\u201d. Par\u0119 miesi\u0119cy p\u00f3\u017aniej, ju\u017c w roku 2009, do\u0142\u0105czy\u0142a do niej nast\u0119pna, jeszcze lepsza ksi\u0105\u017cka \u201eRowerzysta\u201d, a po niej, nawi\u0105zuj\u0105cy do debiutu \u201eCie\u0144 znad jeziora\u201d. Potem zapad\u0142a cisza. Zapewne wielu spodziewa\u0142o si\u0119, \u017ce nied\u0142ugo ujrzy \u015bwiat\u0142o dzienne kolejna pe\u0142nokrwista powie\u015b\u0107 autora, lecz kiedy wreszcie wynik jego pracy wychyn\u0105\u0142 zza tajemniczej zas\u0142ony, okaza\u0142o si\u0119, \u017ce Zalewski zaserwowa\u0142 czytelnikom ma\u0142\u0105 niespodziank\u0119. W swojej nowej ksi\u0105\u017cce Adam Zalewski proponuje &#8211; niemal namacalne &#8211; spotkanie ze \u015bmierci\u0105. I to nie jedno, a sze\u015b\u0107, \u201eSze\u015b\u0107 razy \u015bmier\u0107\u201d jest bowiem zbiorem opowiada\u0144 (&#8230;) Ca\u0142o\u015b\u0107 A tak na koniec (co si\u0119 tyczy tytu\u0142owej ,,ca\u0142ej reszty&#8221;) zapraszam r\u00f3wnie\u017c na kana\u0142 ,,EnklawaTV&#8221; na YouTube, m\u00f3j ma\u0142y projekcik. Na nim ju\u017c nied\u0142ugo pojawi\u0105 si\u0119 ciekawe filmy, dla wszystkich zainteresowanych fantastyk\u0105.<\/p>\n","protected":false},"author":1,"featured_media":0,"comment_status":"open","ping_status":"open","sticky":false,"template":"","format":"standard","meta":[],"categories":[94,7,155,88],"tags":[166,168,167,93,56,68,1409,170,92,52,169,165],"_links":{"self":[{"href":"https:\/\/stonawski.efantastyka.pl\/blog\/index.php\/wp-json\/wp\/v2\/posts\/214"}],"collection":[{"href":"https:\/\/stonawski.efantastyka.pl\/blog\/index.php\/wp-json\/wp\/v2\/posts"}],"about":[{"href":"https:\/\/stonawski.efantastyka.pl\/blog\/index.php\/wp-json\/wp\/v2\/types\/post"}],"author":[{"embeddable":true,"href":"https:\/\/stonawski.efantastyka.pl\/blog\/index.php\/wp-json\/wp\/v2\/users\/1"}],"replies":[{"embeddable":true,"href":"https:\/\/stonawski.efantastyka.pl\/blog\/index.php\/wp-json\/wp\/v2\/comments?post=214"}],"version-history":[{"count":4,"href":"https:\/\/stonawski.efantastyka.pl\/blog\/index.php\/wp-json\/wp\/v2\/posts\/214\/revisions"}],"predecessor-version":[{"id":218,"href":"https:\/\/stonawski.efantastyka.pl\/blog\/index.php\/wp-json\/wp\/v2\/posts\/214\/revisions\/218"}],"wp:attachment":[{"href":"https:\/\/stonawski.efantastyka.pl\/blog\/index.php\/wp-json\/wp\/v2\/media?parent=214"}],"wp:term":[{"taxonomy":"category","embeddable":true,"href":"https:\/\/stonawski.efantastyka.pl\/blog\/index.php\/wp-json\/wp\/v2\/categories?post=214"},{"taxonomy":"post_tag","embeddable":true,"href":"https:\/\/stonawski.efantastyka.pl\/blog\/index.php\/wp-json\/wp\/v2\/tags?post=214"}],"curies":[{"name":"wp","href":"https:\/\/api.w.org\/{rel}","templated":true}]}}