{"id":2939,"date":"2017-05-16T07:39:24","date_gmt":"2017-05-16T06:39:24","guid":{"rendered":"http:\/\/stonawski.efantastyka.pl\/blog\/?p=2939"},"modified":"2017-05-16T07:54:16","modified_gmt":"2017-05-16T06:54:16","slug":"dwa-spotkania-autorskie-i-inne-rzeczy","status":"publish","type":"post","link":"https:\/\/stonawski.efantastyka.pl\/blog\/index.php\/2017\/05\/dwa-spotkania-autorskie-i-inne-rzeczy\/","title":{"rendered":"Dwa spotkania autorskie i inne rzeczy"},"content":{"rendered":"<p style=\"text-align: justify;\"><strong>Pami\u0119tacie, co oznacza to, \u017ce Stonawski milczy? Oznacza to, \u017ce co\u015b szykuje. No i dzieje si\u0119 &#8211; w \u00a0zwi\u0105zku z premier\u0105 &#8222;Mapy Cieni&#8221; zapraszam Was na spotkania autorskie ze mn\u0105 i z reszt\u0105 ekipy ksi\u0105\u017cki. Pierwsze dwa (acz nie ostatnie) odb\u0119d\u0105 si\u0119 ju\u017c niebawem w Krakowie i O\u015bwi\u0119cimiu! Ponadto zapraszam na inne wydarzenia, w kt\u00f3rych maczam w ten czy inny spos\u00f3b swe paluchy.\u00a0<\/strong><\/p>\n<p style=\"text-align: justify;\">Krakowskie odbywa\u0107 si\u0119 b\u0119dzie w Artetece Wojw\u00f3dzkiej Biblioteki Publicznej w Krakowie, <strong>19 maja o 18:00.<\/strong> Wi\u0119cej na facebookowym wydarzeniu pod tym linkiem:\u00a0<a href=\"https:\/\/web.facebook.com\/events\/205412313309984\/\">https:\/\/web.facebook.com\/events\/205412313309984\/<\/a><\/p>\n<p style=\"text-align: justify;\"><a href=\"http:\/\/stonawski.efantastyka.pl\/blog\/wp-content\/uploads\/2017\/05\/Mapa-Cieni-spotkanie-arteteka.jpg\"><img loading=\"lazy\" class=\"aligncenter wp-image-2941\" src=\"http:\/\/stonawski.efantastyka.pl\/blog\/wp-content\/uploads\/2017\/05\/Mapa-Cieni-spotkanie-arteteka.jpg\" alt=\"Mapa Cieni spotkanie arteteka\" width=\"406\" height=\"574\" srcset=\"https:\/\/stonawski.efantastyka.pl\/blog\/wp-content\/uploads\/2017\/05\/Mapa-Cieni-spotkanie-arteteka.jpg 679w, https:\/\/stonawski.efantastyka.pl\/blog\/wp-content\/uploads\/2017\/05\/Mapa-Cieni-spotkanie-arteteka-212x300.jpg 212w\" sizes=\"(max-width: 406px) 100vw, 406px\" \/><\/a><\/p>\n<p style=\"text-align: justify;\">O\u015bwi\u0119cimskie spotkanie z kolei odb\u0119dzie si\u0119 <strong>24 maja o 18:00<\/strong> w Auli Biblioteki Galeria Ksi\u0105\u017cki w O\u015bwi\u0119cimiu. A tutaj jest plakat:<\/p>\n<p style=\"text-align: justify;\"><a href=\"http:\/\/stonawski.efantastyka.pl\/blog\/wp-content\/uploads\/2017\/05\/Mapa-Cieni-spotkanie-O\u015bwi\u0119cim.jpg\"><img loading=\"lazy\" class=\"aligncenter wp-image-2940\" src=\"http:\/\/stonawski.efantastyka.pl\/blog\/wp-content\/uploads\/2017\/05\/Mapa-Cieni-spotkanie-O\u015bwi\u0119cim.jpg\" alt=\"Mapa Cieni - spotkanie O\u015bwi\u0119cim\" width=\"430\" height=\"609\" srcset=\"https:\/\/stonawski.efantastyka.pl\/blog\/wp-content\/uploads\/2017\/05\/Mapa-Cieni-spotkanie-O\u015bwi\u0119cim.jpg 678w, https:\/\/stonawski.efantastyka.pl\/blog\/wp-content\/uploads\/2017\/05\/Mapa-Cieni-spotkanie-O\u015bwi\u0119cim-212x300.jpg 212w\" sizes=\"(max-width: 430px) 100vw, 430px\" \/><\/a><\/p>\n<p style=\"text-align: justify;\">Czy to wszystko? Jasne, \u017ce nie!<\/p>\n<p style=\"text-align: justify;\"><strong>27 maja<\/strong> b\u0119dzie mo\u017cna \u0142apa\u0107 na stopa&#8230; nasz statek! Galar wi\u015blany, kt\u00f3ry jest tak naprawd\u0119 historycznym okr\u0119tem wojennym. O co chodzi? Kliknijcie tu:\u00a0<a href=\"https:\/\/web.facebook.com\/events\/1358442490875970\/\">https:\/\/web.facebook.com\/events\/1358442490875970\/<\/a><\/p>\n<p style=\"text-align: justify;\"><a href=\"http:\/\/stonawski.efantastyka.pl\/blog\/wp-content\/uploads\/2017\/05\/Galar.jpg\"><img loading=\"lazy\" class=\"aligncenter size-large wp-image-2942\" src=\"http:\/\/stonawski.efantastyka.pl\/blog\/wp-content\/uploads\/2017\/05\/Galar-1024x576.jpg\" alt=\"Galar\" width=\"700\" height=\"394\" srcset=\"https:\/\/stonawski.efantastyka.pl\/blog\/wp-content\/uploads\/2017\/05\/Galar-1024x576.jpg 1024w, https:\/\/stonawski.efantastyka.pl\/blog\/wp-content\/uploads\/2017\/05\/Galar-300x169.jpg 300w, https:\/\/stonawski.efantastyka.pl\/blog\/wp-content\/uploads\/2017\/05\/Galar.jpg 2048w\" sizes=\"(max-width: 700px) 100vw, 700px\" \/><\/a><\/p>\n<p style=\"text-align: justify;\">Do\u015b\u0107? Ani troch\u0119! Od <strong>16 czerwca<\/strong> trwa\u0142 b\u0119dzie (tak\u017ce na galarze) festiwal na falach &#8211; bezprecedensowe wydarzenie kulturalne, ale tutaj na szczeg\u00f3\u0142y musicie jeszcze poczeka\u0107.<\/p>\n<p style=\"text-align: justify;\">P\u00f3ki co klikajcie tutaj:\u00a0<a href=\"https:\/\/web.facebook.com\/KrakowskiFestiwalNaFalach\/\">https:\/\/web.facebook.com\/KrakowskiFestiwalNaFalach\/\u00a0<\/a><\/p>\n","protected":false},"excerpt":{"rendered":"<p>Pami\u0119tacie, co oznacza to, \u017ce Stonawski milczy? Oznacza to, \u017ce co\u015b szykuje. No i dzieje si\u0119 &#8211; w \u00a0zwi\u0105zku z premier\u0105 &#8222;Mapy Cieni&#8221; zapraszam Was na spotkania autorskie ze mn\u0105 i z reszt\u0105 ekipy ksi\u0105\u017cki. Pierwsze dwa (acz nie ostatnie) odb\u0119d\u0105 si\u0119 ju\u017c niebawem w Krakowie i O\u015bwi\u0119cimiu! Ponadto zapraszam na inne wydarzenia, w kt\u00f3rych maczam w ten czy inny spos\u00f3b swe paluchy.\u00a0 Krakowskie odbywa\u0107 si\u0119 b\u0119dzie w Artetece Wojw\u00f3dzkiej Biblioteki Publicznej w Krakowie, 19 maja o 18:00. Wi\u0119cej na facebookowym wydarzeniu pod tym linkiem:\u00a0https:\/\/web.facebook.com\/events\/205412313309984\/ O\u015bwi\u0119cimskie spotkanie z kolei odb\u0119dzie si\u0119 24 maja o 18:00 w Auli Biblioteki Galeria Ksi\u0105\u017cki w O\u015bwi\u0119cimiu. A tutaj jest plakat: Czy to wszystko? Jasne, \u017ce nie! 27 maja b\u0119dzie mo\u017cna \u0142apa\u0107 na stopa&#8230; nasz statek! Galar wi\u015blany, kt\u00f3ry jest tak naprawd\u0119 historycznym okr\u0119tem wojennym. O co chodzi? Kliknijcie tu:\u00a0https:\/\/web.facebook.com\/events\/1358442490875970\/ Do\u015b\u0107? Ani troch\u0119! Od 16 czerwca trwa\u0142 b\u0119dzie (tak\u017ce na galarze) festiwal na falach &#8211; bezprecedensowe wydarzenie kulturalne, ale tutaj na szczeg\u00f3\u0142y musicie jeszcze poczeka\u0107. P\u00f3ki co klikajcie tutaj:\u00a0https:\/\/web.facebook.com\/KrakowskiFestiwalNaFalach\/\u00a0<\/p>\n","protected":false},"author":1,"featured_media":2942,"comment_status":"open","ping_status":"open","sticky":false,"template":"","format":"standard","meta":[],"categories":[7,9,155],"tags":[255,1459,137,1304,1460,1461,141],"_links":{"self":[{"href":"https:\/\/stonawski.efantastyka.pl\/blog\/index.php\/wp-json\/wp\/v2\/posts\/2939"}],"collection":[{"href":"https:\/\/stonawski.efantastyka.pl\/blog\/index.php\/wp-json\/wp\/v2\/posts"}],"about":[{"href":"https:\/\/stonawski.efantastyka.pl\/blog\/index.php\/wp-json\/wp\/v2\/types\/post"}],"author":[{"embeddable":true,"href":"https:\/\/stonawski.efantastyka.pl\/blog\/index.php\/wp-json\/wp\/v2\/users\/1"}],"replies":[{"embeddable":true,"href":"https:\/\/stonawski.efantastyka.pl\/blog\/index.php\/wp-json\/wp\/v2\/comments?post=2939"}],"version-history":[{"count":2,"href":"https:\/\/stonawski.efantastyka.pl\/blog\/index.php\/wp-json\/wp\/v2\/posts\/2939\/revisions"}],"predecessor-version":[{"id":2944,"href":"https:\/\/stonawski.efantastyka.pl\/blog\/index.php\/wp-json\/wp\/v2\/posts\/2939\/revisions\/2944"}],"wp:featuredmedia":[{"embeddable":true,"href":"https:\/\/stonawski.efantastyka.pl\/blog\/index.php\/wp-json\/wp\/v2\/media\/2942"}],"wp:attachment":[{"href":"https:\/\/stonawski.efantastyka.pl\/blog\/index.php\/wp-json\/wp\/v2\/media?parent=2939"}],"wp:term":[{"taxonomy":"category","embeddable":true,"href":"https:\/\/stonawski.efantastyka.pl\/blog\/index.php\/wp-json\/wp\/v2\/categories?post=2939"},{"taxonomy":"post_tag","embeddable":true,"href":"https:\/\/stonawski.efantastyka.pl\/blog\/index.php\/wp-json\/wp\/v2\/tags?post=2939"}],"curies":[{"name":"wp","href":"https:\/\/api.w.org\/{rel}","templated":true}]}}