{"id":2977,"date":"2017-10-13T10:19:48","date_gmt":"2017-10-13T09:19:48","guid":{"rendered":"http:\/\/stonawski.efantastyka.pl\/blog\/?p=2977"},"modified":"2017-10-13T10:19:48","modified_gmt":"2017-10-13T09:19:48","slug":"o-placzacym-mezczyznie","status":"publish","type":"post","link":"https:\/\/stonawski.efantastyka.pl\/blog\/index.php\/2017\/10\/o-placzacym-mezczyznie\/","title":{"rendered":"O p\u0142acz\u0105cym m\u0119\u017cczy\u017anie."},"content":{"rendered":"<p style=\"text-align: justify;\"><strong>Taka sprawa. Obejrza\u0142em <a href=\"https:\/\/www.facebook.com\/zleksiazki\/videos\/1854208127930600\/\">to wideo<\/a> i a\u017c mnie co\u015b tak w \u015brodku&#8230; wiecie. Ale jest co\u015b, o czym my\u015bl\u0119 ju\u017c bardzo d\u0142ugo &#8211; \u017ce wszyscy si\u0119 skupiaj\u0105 (jak zwykle w wielu przypadkach) na oznace, a nie na przyczynie. <a href=\"https:\/\/www.youtube.com\/watch?v=Zao1VCHGXBA\">Tomasz Kopyra<\/a> nagra\u0142 film, na kt\u00f3rym m\u00f3wi, \u017ce mu wstyd i \u017ce polityczna poprawno\u015b\u0107 ma sens.<\/strong><\/p>\n<p style=\"text-align: justify;\">Ot\u00f3\u017c, nie, nie ma.<\/p>\n<p style=\"text-align: justify;\">I teraz tak, \u017ceby\u015bmy si\u0119 zrozumieli &#8211; szlag mnie trafi\u0142, jak zobaczy\u0142em tego p\u0142acz\u0105cego faceta, kt\u00f3ry si\u0119 boi, dlatego, \u017ce ma inny kolor sk\u00f3ry. Prze\u015bladowanie go i jego dziecka, bo maj\u0105 inny kolor sk\u00f3ry to nie jaki\u015b mityczny rasizm. To czyste skurwysy\u0144stwo. To z\u0142o. I ludzie, kt\u00f3rzy to robi\u0105 nie s\u0105 &#8222;rasistami&#8221; &#8211; s\u0105 skurwysynami. Na pewno w wielu innych punktach swojego \u017cycia tak\u017ce. Chodzi mi o to, \u017ce to s\u0105 po prostu z\u0142e osoby. I jak najbardziej &#8211; tak\u017ce na punkcie rasistowskim.<\/p>\n<p style=\"text-align: justify;\">Tyle, \u017ce zastanawiam si\u0119 od d\u0142ugiego czasu, sk\u0105d to si\u0119 wzi\u0119\u0142o. I pewnie &#8211; brak tolerancji dla inno\u015bci jest obecny wsz\u0119dzie, w ka\u017cdej kulturze. Wywodzi si\u0119 to (co bardzo przewrotne) z dobrej i naturalnej reakcji naszego m\u00f3zgu. Reakcji na co\u015b, co jest obce i czego trzeba si\u0119 obawia\u0107. Ten mechanizm jest jedn\u0105 z rzeczy, kt\u00f3ra sprawi\u0142a, \u017ce ludzie w og\u00f3le istniej\u0105. Ale te\u017c ka\u017cdy zdrowy cz\u0142owiek umie nad tym zapanowa\u0107 i odr\u00f3\u017cni\u0107 to, co jest naprawd\u0119 gro\u017ane, od po prostu &#8222;innego&#8221;. To, \u017ce coraz wi\u0119cej os\u00f3b nie umie (albo nie chce) tego robi\u0107, to nie jest, moim zdaniem efekt jakiej\u015b fali rasizmu. Nie. Nikt nie rodzi si\u0119 rasist\u0105. Ludzie zaczynaj\u0105 reagowa\u0107 agresj\u0105 na to, co jest inne, kiedy si\u0119 boj\u0105.<\/p>\n<p style=\"text-align: justify;\">Ostatnio wszystko strasznie si\u0119 radykalizuje. Ju\u017c nie raz si\u0119 wypowiada\u0142em na ten temat i za ka\u017cdym razem boli mnie, \u017ce kiedy masz zdanie, kt\u00f3re stara si\u0119 dostrzega\u0107 racje obu stron konfliktu, zawsze znajd\u0105 si\u0119 ludzie, kt\u00f3rzy od razu zaszufladkuj\u0105 ci\u0119 po tej &#8222;drugiej&#8221; stronie. Jeste\u015b przeciwko aborcji, ale rozumiesz, \u017ce czasem nie mo\u017ce by\u0107 inaczej? Za\u015bciankowy katol. Rozumiesz sens invitro? Lewacki post\u0119powiec. Samemu nie b\u0119d\u0105c &#8222;cz\u0142owiekiem Ko\u015bcio\u0142a&#8221; bronisz chrze\u015bcijan? Zwolennik &#8222;czarnej mafii&#8221; i tak dalej. Tutaj by\u0107 mo\u017ce b\u0119dzie podobnie. Poza tym, \u017ce mog\u0119 si\u0119 oczywi\u015bcie myli\u0107 w swoim os\u0105dzie. P\u00f3ki co, jest on taki:<\/p>\n<p style=\"text-align: justify;\">Mnie jest wstyd. Nie tylko, za tych skurwieli, kt\u00f3rzy sprawili, \u017ce ten m\u0119\u017cczyzna p\u0142acze, bo si\u0119 boi o siebie i o swoje dziecko. Mnie jest wstyd za to, \u017ce tak zwani &#8222;post\u0119powcy&#8221; na \u015blepo i bez \u017cadnego pomy\u015blunku, bez wcze\u015bniejszego przygotowania i potrzebnego researchu wpu\u015bcili wprost nieprawdopodobne tabuny ludzi do europy, gdzie cz\u0119\u015b\u0107 z nich (nie wszyscy &#8211; ale na tyle du\u017ca ilo\u015b\u0107, by sprawia\u0142o to r\u00f3\u017cnic\u0119), zacz\u0119li szerzy\u0107 terror. Zabija\u0107. Mordowa\u0107. Gwa\u0142ci\u0107. Wstyd mi, \u017ce tak wiele polityk\u00f3w, w tej samej ob\u0142udnej &#8222;post\u0119powej&#8221; idei robi\u0142o i robi nadal wszystko, by tuszowa\u0107 pewne rzeczy. Zak\u0142amywa\u0107 prawd\u0119 &#8211; bo wiedz\u0105, \u017ce pope\u0142nili b\u0142\u0105d. Chc\u0105c pom\u00f3c i chc\u0105c pokaza\u0107 wszem i wobec, jacy oni nie s\u0105 wspaniali &#8211; zwyczajnie zagrozili swoim w\u0142asnym obywatelom. \u015amierci\u0105 i terroryzmem.<\/p>\n<p style=\"text-align: justify;\">To naprawd\u0119 nie by\u0142o trudne do przewidzenia, co si\u0119 stanie. \u017be ka\u017cda akcja wywo\u0142uje reakcj\u0119 &#8211; szczeg\u00f3lnie w spo\u0142ecze\u0144stwie. \u017be k\u0142ami\u0105c i pr\u00f3buj\u0105c &#8222;w imi\u0119 tolerancji&#8221; mataczy\u0107, doprowadzili do tego, \u017ce dzisiaj ludzie si\u0119 boj\u0105.<\/p>\n<p style=\"text-align: justify;\">Boi si\u0119 ten cz\u0142owiek, kt\u00f3ry niczego nie zrobi\u0142, bo inni ludzie, kt\u00f3rzy tak\u017ce si\u0119 boj\u0105, reaguj\u0105 agresj\u0105. Na co wi\u0119kszo\u015b\u0107 \u015bwiata wybiera &#8222;strony&#8221; i opowiada si\u0119 za, lub przeciw &#8222;politycznej poprawno\u015bci&#8221; &#8211; czyli cenzurze, matactwu, k\u0142amstwu, byle by tylko nie przyzna\u0107, \u017ce pe\u0142niony zosta\u0142 b\u0142\u0105d. \u017be mo\u017ce otwarcie granic dla wszystkich &#8211; ka\u017cdego i zawsze i zamykanie ust tym, kt\u00f3rzy widzieli w tym zagro\u017cenie (nie m\u00f3wi\u0119 tutaj o paranoikach-rasistach) i przewidywali to, co si\u0119 dzieje dzisiaj, to mo\u017ce wcale nie by\u0142 taki dobry pomys\u0142.<\/p>\n<p style=\"text-align: justify;\">I teraz dawajcie, lajki, un-lajki, przekrzykuj\u0105ce si\u0119 komentarze, kto ma racj\u0119, kogo racja jest &#8222;najmojsza&#8221; i czemu ja, albo ten drugi jest lewakiem\/prawakiem\/chujem\/rasist\u0105. Bijcie si\u0119 &#8211; prosz\u0119 bardzo. Przecie\u017c to w\u0142a\u015bnie o to chodzi.<\/p>\n<p style=\"text-align: justify;\">Dzielimy si\u0119 na dwie, zwalczaj\u0105ce si\u0119 radykalne grupy. Gdzie\u015b po obu stronach s\u0105 skurwysyny &#8211; jedne w imi\u0119 walki o post\u0119p chcia\u0142yby nawet publicznie zabija\u0107 dzieci, a inne, w ramach &#8222;obrony kraju&#8221; &#8211; zabija\u0107 ka\u017cdego, kto ma inny kolor sk\u00f3ry. I wszyscy, ale to absolutnie wszyscy si\u0119 boj\u0105. Jedni tego, \u017ce czekaj\u0105 nas rasistowskie rozruchy, a drudzy tego, \u017ce b\u0119d\u0105 si\u0119 ba\u0107 wyj\u015b\u0107 na ulic\u0119 &#8211; p\u00f3j\u015b\u0107 na koncert, na mecz, do kina, bo nagle wybuchnie bomba, albo gdzie\u015b w t\u0142um wjedzie ci\u0119\u017car\u00f3wka.<\/p>\n<p style=\"text-align: justify;\">Wstyd mi, bo za wszystkim tym stoj\u0105 ludzie, kt\u00f3rych i ja wybiera\u0142em, albo po prostu s\u0105 lud\u017ami, jak ja. I oni s\u0105 tak naprawd\u0119 winni temu, \u017ce ten cz\u0142owiek p\u0142acze i si\u0119 boi.<\/p>\n<p style=\"text-align: justify;\">Ci ludzie, kt\u00f3rzy nie s\u0105 potworami. Chcieli dobrze i podj\u0119li dzia\u0142ania bez przemy\u015blenia ich i bez planu. A teraz nie s\u0105 w stanie przyzna\u0107 si\u0119 do b\u0142\u0119du, bo wszystko zabrn\u0119\u0142o ju\u017c za daleko. Uciekaj\u0105 si\u0119 wi\u0119c do cenzury i &#8222;politycznej poprawno\u015bci&#8221; &#8211; co niestety powoduje tylko wi\u0119cej z\u0142o\u015bci i strachu, bo ludzie nie chc\u0105 by\u0107 traktowani, jak idioci. Doskonale wyczuwaj\u0105, kiedy s\u0105 oszukiwani.<\/p>\n<p style=\"text-align: justify;\">A tymczasem \u015bwiat tonie w strachu. Dwie grupy wystraszonych os\u00f3b odchodz\u0105 do swoich oboz\u00f3w, gdzie strach zamieniaj\u0105 na agresj\u0119. Myl\u0105 przyczyn\u0119 ze skutkiem. A na wszystkim cierpi\u0105 tacy ludzie, jak ten p\u0142acz\u0105cy ze strachu m\u0119\u017cczyzna, kt\u00f3remu przysz\u0142o \u017cy\u0107 w takim zasranym \u015bwiecie.<\/p>\n<p style=\"text-align: justify;\">\n","protected":false},"excerpt":{"rendered":"<p>Taka sprawa. Obejrza\u0142em to wideo i a\u017c mnie co\u015b tak w \u015brodku&#8230; wiecie. Ale jest co\u015b, o czym my\u015bl\u0119 ju\u017c bardzo d\u0142ugo &#8211; \u017ce wszyscy si\u0119 skupiaj\u0105 (jak zwykle w wielu przypadkach) na oznace, a nie na przyczynie. Tomasz Kopyra nagra\u0142 film, na kt\u00f3rym m\u00f3wi, \u017ce mu wstyd i \u017ce polityczna poprawno\u015b\u0107 ma sens. Ot\u00f3\u017c, nie, nie ma. I teraz tak, \u017ceby\u015bmy si\u0119 zrozumieli &#8211; szlag mnie trafi\u0142, jak zobaczy\u0142em tego p\u0142acz\u0105cego faceta, kt\u00f3ry si\u0119 boi, dlatego, \u017ce ma inny kolor sk\u00f3ry. Prze\u015bladowanie go i jego dziecka, bo maj\u0105 inny kolor sk\u00f3ry to nie jaki\u015b mityczny rasizm. To czyste skurwysy\u0144stwo. To z\u0142o. I ludzie, kt\u00f3rzy to robi\u0105 nie s\u0105 &#8222;rasistami&#8221; &#8211; s\u0105 skurwysynami. Na pewno w wielu innych punktach swojego \u017cycia tak\u017ce. Chodzi mi o to, \u017ce to s\u0105 po prostu z\u0142e osoby. I jak najbardziej &#8211; tak\u017ce na punkcie rasistowskim. Tyle, \u017ce zastanawiam si\u0119 od d\u0142ugiego czasu, sk\u0105d to si\u0119 wzi\u0119\u0142o. I pewnie &#8211; brak tolerancji dla inno\u015bci jest obecny wsz\u0119dzie, w ka\u017cdej kulturze. Wywodzi si\u0119 to (co bardzo przewrotne) z dobrej i naturalnej reakcji naszego m\u00f3zgu. Reakcji na co\u015b, co jest obce i czego trzeba si\u0119 obawia\u0107. Ten mechanizm jest jedn\u0105 z rzeczy, kt\u00f3ra sprawi\u0142a, \u017ce ludzie w og\u00f3le istniej\u0105. Ale te\u017c ka\u017cdy zdrowy cz\u0142owiek umie nad tym zapanowa\u0107 i odr\u00f3\u017cni\u0107 to, co jest naprawd\u0119 gro\u017ane, od po prostu &#8222;innego&#8221;. To, \u017ce coraz wi\u0119cej os\u00f3b nie umie (albo nie chce) tego robi\u0107, to nie jest, moim zdaniem efekt jakiej\u015b fali rasizmu. Nie. Nikt nie rodzi si\u0119 rasist\u0105. Ludzie zaczynaj\u0105 reagowa\u0107 agresj\u0105 na to, co jest inne, kiedy si\u0119 boj\u0105. Ostatnio wszystko strasznie si\u0119 radykalizuje. Ju\u017c nie raz si\u0119 wypowiada\u0142em na ten temat i za ka\u017cdym razem boli mnie, \u017ce kiedy masz zdanie, kt\u00f3re stara si\u0119 dostrzega\u0107 racje obu stron konfliktu, zawsze znajd\u0105 si\u0119 ludzie, kt\u00f3rzy od razu zaszufladkuj\u0105 ci\u0119 po tej &#8222;drugiej&#8221; stronie. Jeste\u015b przeciwko aborcji, ale rozumiesz, \u017ce czasem nie mo\u017ce by\u0107 inaczej? Za\u015bciankowy katol. Rozumiesz sens invitro? Lewacki post\u0119powiec. Samemu nie b\u0119d\u0105c &#8222;cz\u0142owiekiem Ko\u015bcio\u0142a&#8221; bronisz chrze\u015bcijan? Zwolennik &#8222;czarnej mafii&#8221; i tak dalej. Tutaj by\u0107 mo\u017ce b\u0119dzie podobnie. Poza tym, \u017ce mog\u0119 si\u0119 oczywi\u015bcie myli\u0107 w swoim os\u0105dzie. P\u00f3ki co, jest on taki: Mnie jest wstyd. Nie tylko, za tych skurwieli, kt\u00f3rzy sprawili, \u017ce ten m\u0119\u017cczyzna p\u0142acze, bo si\u0119 boi o siebie i o swoje dziecko. Mnie jest wstyd za to, \u017ce tak zwani &#8222;post\u0119powcy&#8221; na \u015blepo i bez \u017cadnego pomy\u015blunku, bez wcze\u015bniejszego przygotowania i potrzebnego researchu wpu\u015bcili wprost nieprawdopodobne tabuny ludzi do europy, gdzie cz\u0119\u015b\u0107 z nich (nie wszyscy &#8211; ale na tyle du\u017ca ilo\u015b\u0107, by sprawia\u0142o to r\u00f3\u017cnic\u0119), zacz\u0119li szerzy\u0107 terror. Zabija\u0107. Mordowa\u0107. Gwa\u0142ci\u0107. Wstyd mi, \u017ce tak wiele polityk\u00f3w, w tej samej ob\u0142udnej &#8222;post\u0119powej&#8221; idei robi\u0142o i robi nadal wszystko, by tuszowa\u0107 pewne rzeczy. Zak\u0142amywa\u0107 prawd\u0119 &#8211; bo wiedz\u0105, \u017ce pope\u0142nili b\u0142\u0105d. Chc\u0105c pom\u00f3c i chc\u0105c pokaza\u0107 wszem i wobec, jacy oni nie s\u0105 wspaniali &#8211; zwyczajnie zagrozili swoim w\u0142asnym obywatelom. \u015amierci\u0105 i terroryzmem. To naprawd\u0119 nie by\u0142o trudne do przewidzenia, co si\u0119 stanie. \u017be ka\u017cda akcja wywo\u0142uje reakcj\u0119 &#8211; szczeg\u00f3lnie w spo\u0142ecze\u0144stwie. \u017be k\u0142ami\u0105c i pr\u00f3buj\u0105c &#8222;w imi\u0119 tolerancji&#8221; mataczy\u0107, doprowadzili do tego, \u017ce dzisiaj ludzie si\u0119 boj\u0105. Boi si\u0119 ten cz\u0142owiek, kt\u00f3ry niczego nie zrobi\u0142, bo inni ludzie, kt\u00f3rzy tak\u017ce si\u0119 boj\u0105, reaguj\u0105 agresj\u0105. Na co wi\u0119kszo\u015b\u0107 \u015bwiata wybiera &#8222;strony&#8221; i opowiada si\u0119 za, lub przeciw &#8222;politycznej poprawno\u015bci&#8221; &#8211; czyli cenzurze, matactwu, k\u0142amstwu, byle by tylko nie przyzna\u0107, \u017ce pe\u0142niony zosta\u0142 b\u0142\u0105d. \u017be mo\u017ce otwarcie granic dla wszystkich &#8211; ka\u017cdego i zawsze i zamykanie ust tym, kt\u00f3rzy widzieli w tym zagro\u017cenie (nie m\u00f3wi\u0119 tutaj o paranoikach-rasistach) i przewidywali to, co si\u0119 dzieje dzisiaj, to mo\u017ce wcale nie by\u0142 taki dobry pomys\u0142. I teraz dawajcie, lajki, un-lajki, przekrzykuj\u0105ce si\u0119 komentarze, kto ma racj\u0119, kogo racja jest &#8222;najmojsza&#8221; i czemu ja, albo ten drugi jest lewakiem\/prawakiem\/chujem\/rasist\u0105. Bijcie si\u0119 &#8211; prosz\u0119 bardzo. Przecie\u017c to w\u0142a\u015bnie o to chodzi. Dzielimy si\u0119 na dwie, zwalczaj\u0105ce si\u0119 radykalne grupy. Gdzie\u015b po obu stronach s\u0105 skurwysyny &#8211; jedne w imi\u0119 walki o post\u0119p chcia\u0142yby nawet publicznie zabija\u0107 dzieci, a inne, w ramach &#8222;obrony kraju&#8221; &#8211; zabija\u0107 ka\u017cdego, kto ma inny kolor sk\u00f3ry. I wszyscy, ale to absolutnie wszyscy si\u0119 boj\u0105. Jedni tego, \u017ce czekaj\u0105 nas rasistowskie rozruchy, a drudzy tego, \u017ce b\u0119d\u0105 si\u0119 ba\u0107 wyj\u015b\u0107 na ulic\u0119 &#8211; p\u00f3j\u015b\u0107 na koncert, na mecz, do kina, bo nagle wybuchnie bomba, albo gdzie\u015b w t\u0142um wjedzie ci\u0119\u017car\u00f3wka. Wstyd mi, bo za wszystkim tym stoj\u0105 ludzie, kt\u00f3rych i ja wybiera\u0142em, albo po prostu s\u0105 lud\u017ami, jak ja. I oni s\u0105 tak naprawd\u0119 winni temu, \u017ce ten cz\u0142owiek p\u0142acze i si\u0119 boi. Ci ludzie, kt\u00f3rzy nie s\u0105 potworami. Chcieli dobrze i podj\u0119li dzia\u0142ania bez przemy\u015blenia ich i bez planu. A teraz nie s\u0105 w stanie przyzna\u0107 si\u0119 do b\u0142\u0119du, bo wszystko zabrn\u0119\u0142o ju\u017c za daleko. Uciekaj\u0105 si\u0119 wi\u0119c do cenzury i &#8222;politycznej poprawno\u015bci&#8221; &#8211; co niestety powoduje tylko wi\u0119cej z\u0142o\u015bci i strachu, bo ludzie nie chc\u0105 by\u0107 traktowani, jak idioci. Doskonale wyczuwaj\u0105, kiedy s\u0105 oszukiwani. A tymczasem \u015bwiat tonie w strachu. Dwie grupy wystraszonych os\u00f3b odchodz\u0105 do swoich oboz\u00f3w, gdzie strach zamieniaj\u0105 na agresj\u0119. Myl\u0105 przyczyn\u0119 ze skutkiem. A na wszystkim cierpi\u0105 tacy ludzie, jak ten p\u0142acz\u0105cy ze strachu m\u0119\u017cczyzna, kt\u00f3remu przysz\u0142o \u017cy\u0107 w takim zasranym \u015bwiecie.<\/p>\n","protected":false},"author":1,"featured_media":2978,"comment_status":"open","ping_status":"open","sticky":false,"template":"","format":"standard","meta":[],"categories":[15],"tags":[1463,1441,1462,1434,1464],"_links":{"self":[{"href":"https:\/\/stonawski.efantastyka.pl\/blog\/index.php\/wp-json\/wp\/v2\/posts\/2977"}],"collection":[{"href":"https:\/\/stonawski.efantastyka.pl\/blog\/index.php\/wp-json\/wp\/v2\/posts"}],"about":[{"href":"https:\/\/stonawski.efantastyka.pl\/blog\/index.php\/wp-json\/wp\/v2\/types\/post"}],"author":[{"embeddable":true,"href":"https:\/\/stonawski.efantastyka.pl\/blog\/index.php\/wp-json\/wp\/v2\/users\/1"}],"replies":[{"embeddable":true,"href":"https:\/\/stonawski.efantastyka.pl\/blog\/index.php\/wp-json\/wp\/v2\/comments?post=2977"}],"version-history":[{"count":1,"href":"https:\/\/stonawski.efantastyka.pl\/blog\/index.php\/wp-json\/wp\/v2\/posts\/2977\/revisions"}],"predecessor-version":[{"id":2979,"href":"https:\/\/stonawski.efantastyka.pl\/blog\/index.php\/wp-json\/wp\/v2\/posts\/2977\/revisions\/2979"}],"wp:featuredmedia":[{"embeddable":true,"href":"https:\/\/stonawski.efantastyka.pl\/blog\/index.php\/wp-json\/wp\/v2\/media\/2978"}],"wp:attachment":[{"href":"https:\/\/stonawski.efantastyka.pl\/blog\/index.php\/wp-json\/wp\/v2\/media?parent=2977"}],"wp:term":[{"taxonomy":"category","embeddable":true,"href":"https:\/\/stonawski.efantastyka.pl\/blog\/index.php\/wp-json\/wp\/v2\/categories?post=2977"},{"taxonomy":"post_tag","embeddable":true,"href":"https:\/\/stonawski.efantastyka.pl\/blog\/index.php\/wp-json\/wp\/v2\/tags?post=2977"}],"curies":[{"name":"wp","href":"https:\/\/api.w.org\/{rel}","templated":true}]}}