{"id":969,"date":"2012-04-09T18:53:03","date_gmt":"2012-04-09T17:53:03","guid":{"rendered":"http:\/\/stonawski.efantastyka.pl\/?p=969"},"modified":"2012-04-09T18:53:03","modified_gmt":"2012-04-09T17:53:03","slug":"rzygac-mi-sie-nie-chce","status":"publish","type":"post","link":"https:\/\/stonawski.efantastyka.pl\/blog\/index.php\/2012\/04\/rzygac-mi-sie-nie-chce\/","title":{"rendered":"Rzyga\u0107 mi si\u0119 nie chce"},"content":{"rendered":"<p>&nbsp;<\/p>\n<p>Jaki\u015b czas temu wpad\u0142em w sieci na pewien obrazek. Konkretnie chodzi\u0142o o znan\u0105 wszystkim &#8222;spraw\u0119 Madzi&#8221;, kt\u00f3ra sta\u0142a si\u0119 spraw\u0105 jej rodzic\u00f3w i tego co, jak i kiedy robi\u0105. Opis obrazka g\u0142osi\u0142 &#8222;Rzyga\u0107 ju\u017c mi si\u0119 chce, jak s\u0142ysz\u0119 o tej ca\u0142ej sprawie&#8221;. Szczerze? Jestem zdziwiony.<\/p>\n<p>Narzekania na bombardowanie nas informacjami rozlegaj\u0105 si\u0119 w ca\u0142ej sieci. Czy\u017cby wszyscy zostali nagle zmuszeni do ogl\u0105dania telewizji, czy wczytywania si\u0119 zach\u0142annie w gazety i artyku\u0142y w sieci? Nie s\u0142ysza\u0142em te\u017c, by kogo\u015b przywi\u0105zano do fotela pasami, otwieraj\u0105c mu na si\u0142\u0119 oczy, by ch\u0142on\u0105\u0142 wt\u0142aczane mu obrazy. Ostatni raz takie rzeczy widzia\u0142em w &#8222;Z archiwum X&#8221;.<br \/>\nOsobi\u015bcie problemu z zalewem szumu medialnego nie mam. Telewizor wywali\u0142em (wi\u0119cej miejsca na ksi\u0105\u017cki), a gdybym mia\u0142, zapewne sko\u0144czy\u0142oby si\u0119 na ogl\u0105daniu Discovery przeplatanym Sci-Fi Channel. A i to nie za cz\u0119sto.<\/p>\n<p>A sie\u0107? To ja w\u0142adam myszk\u0105, wi\u0119c czytam tylko to, co chce. A \u017ce widz\u0119 nag\u0142\u00f3wki? \u017be ludzie gadaj\u0105? Po to mam m\u00f3zg, by umiej\u0119tnie filtrowa\u0107 to, na co zwracam uwag\u0119, a na co nie.<br \/>\nMo\u017ce wi\u0119c warto za\u0142o\u017cy\u0107 sobie taki&#8230; &#8222;m\u00f3zgowy anty-spam&#8221;, zamiast wczytywa\u0107 si\u0119 w zasadzie nie wa\u017cne szczeg\u00f3\u0142y i narzeka\u0107, \u017ce za du\u017co?<\/p>\n<p>Sie\u0107 si\u0119 nie zwija, a rozwija. Szumu b\u0119dzie coraz wi\u0119cej. Kto si\u0119 nie przystosuje, ten w ko\u0144cu zwariuje od nap\u0142ywu informacji. To nie do powstrzymania, wi\u0119c mo\u017ce zamiast obarcza\u0107 win\u0105 sam proces, zmie\u0144my siebie. Przystosujmy si\u0119.<br \/>\nPono\u0107 jest to reprezentatywna cecha Homo Sapiens.<\/p>\n<p><a href=\"http:\/\/stonawski.efantastyka.pl\/wp-content\/uploads\/2012\/04\/2.jpg\"><img loading=\"lazy\" class=\"aligncenter  wp-image-970\" title=\"\" src=\"http:\/\/stonawski.efantastyka.pl\/wp-content\/uploads\/2012\/04\/2.jpg\" alt=\"\" width=\"418\" height=\"511\" \/><\/a><\/p>\n","protected":false},"excerpt":{"rendered":"<p>&nbsp; Jaki\u015b czas temu wpad\u0142em w sieci na pewien obrazek. Konkretnie chodzi\u0142o o znan\u0105 wszystkim &#8222;spraw\u0119 Madzi&#8221;, kt\u00f3ra sta\u0142a si\u0119 spraw\u0105 jej rodzic\u00f3w i tego co, jak i kiedy robi\u0105. Opis obrazka g\u0142osi\u0142 &#8222;Rzyga\u0107 ju\u017c mi si\u0119 chce, jak s\u0142ysz\u0119 o tej ca\u0142ej sprawie&#8221;. Szczerze? Jestem zdziwiony. Narzekania na bombardowanie nas informacjami rozlegaj\u0105 si\u0119 w ca\u0142ej sieci. Czy\u017cby wszyscy zostali nagle zmuszeni do ogl\u0105dania telewizji, czy wczytywania si\u0119 zach\u0142annie w gazety i artyku\u0142y w sieci? Nie s\u0142ysza\u0142em te\u017c, by kogo\u015b przywi\u0105zano do fotela pasami, otwieraj\u0105c mu na si\u0142\u0119 oczy, by ch\u0142on\u0105\u0142 wt\u0142aczane mu obrazy. Ostatni raz takie rzeczy widzia\u0142em w &#8222;Z archiwum X&#8221;. Osobi\u015bcie problemu z zalewem szumu medialnego nie mam. Telewizor wywali\u0142em (wi\u0119cej miejsca na ksi\u0105\u017cki), a gdybym mia\u0142, zapewne sko\u0144czy\u0142oby si\u0119 na ogl\u0105daniu Discovery przeplatanym Sci-Fi Channel. A i to nie za cz\u0119sto. A sie\u0107? To ja w\u0142adam myszk\u0105, wi\u0119c czytam tylko to, co chce. A \u017ce widz\u0119 nag\u0142\u00f3wki? \u017be ludzie gadaj\u0105? Po to mam m\u00f3zg, by umiej\u0119tnie filtrowa\u0107 to, na co zwracam uwag\u0119, a na co nie. Mo\u017ce wi\u0119c warto za\u0142o\u017cy\u0107 sobie taki&#8230; &#8222;m\u00f3zgowy anty-spam&#8221;, zamiast wczytywa\u0107 si\u0119 w zasadzie nie wa\u017cne szczeg\u00f3\u0142y i narzeka\u0107, \u017ce za du\u017co? Sie\u0107 si\u0119 nie zwija, a rozwija. Szumu b\u0119dzie coraz wi\u0119cej. Kto si\u0119 nie przystosuje, ten w ko\u0144cu zwariuje od nap\u0142ywu informacji. To nie do powstrzymania, wi\u0119c mo\u017ce zamiast obarcza\u0107 win\u0105 sam proces, zmie\u0144my siebie. Przystosujmy si\u0119. Pono\u0107 jest to reprezentatywna cecha Homo Sapiens.<\/p>\n","protected":false},"author":1,"featured_media":0,"comment_status":"open","ping_status":"open","sticky":false,"template":"","format":"standard","meta":[],"categories":[16,15,55],"tags":[678,675,673,34,676,674,677],"_links":{"self":[{"href":"https:\/\/stonawski.efantastyka.pl\/blog\/index.php\/wp-json\/wp\/v2\/posts\/969"}],"collection":[{"href":"https:\/\/stonawski.efantastyka.pl\/blog\/index.php\/wp-json\/wp\/v2\/posts"}],"about":[{"href":"https:\/\/stonawski.efantastyka.pl\/blog\/index.php\/wp-json\/wp\/v2\/types\/post"}],"author":[{"embeddable":true,"href":"https:\/\/stonawski.efantastyka.pl\/blog\/index.php\/wp-json\/wp\/v2\/users\/1"}],"replies":[{"embeddable":true,"href":"https:\/\/stonawski.efantastyka.pl\/blog\/index.php\/wp-json\/wp\/v2\/comments?post=969"}],"version-history":[{"count":2,"href":"https:\/\/stonawski.efantastyka.pl\/blog\/index.php\/wp-json\/wp\/v2\/posts\/969\/revisions"}],"predecessor-version":[{"id":973,"href":"https:\/\/stonawski.efantastyka.pl\/blog\/index.php\/wp-json\/wp\/v2\/posts\/969\/revisions\/973"}],"wp:attachment":[{"href":"https:\/\/stonawski.efantastyka.pl\/blog\/index.php\/wp-json\/wp\/v2\/media?parent=969"}],"wp:term":[{"taxonomy":"category","embeddable":true,"href":"https:\/\/stonawski.efantastyka.pl\/blog\/index.php\/wp-json\/wp\/v2\/categories?post=969"},{"taxonomy":"post_tag","embeddable":true,"href":"https:\/\/stonawski.efantastyka.pl\/blog\/index.php\/wp-json\/wp\/v2\/tags?post=969"}],"curies":[{"name":"wp","href":"https:\/\/api.w.org\/{rel}","templated":true}]}}